{"id":2484,"date":"2022-09-19T00:28:46","date_gmt":"2022-09-18T22:28:46","guid":{"rendered":"https:\/\/ourivesdecompostela.gal\/camarinas-aposta-pola-artesania-con-ourives-de-compostela\/"},"modified":"2023-11-15T11:21:39","modified_gmt":"2023-11-15T10:21:39","slug":"camarinas-aposta-pola-artesania-con-ourives-de-compostela","status":"publish","type":"post","link":"https:\/\/ourivesdecompostela.gal\/en\/camarinas-aposta-pola-artesania-con-ourives-de-compostela\/","title":{"rendered":"Camari\u00f1as aposta pola artesan\u00eda con Ourives de Compostela"},"content":{"rendered":"[vc_row type=&#8221;full_width_background&#8221; full_screen_row_position=&#8221;middle&#8221; column_margin=&#8221;default&#8221; equal_height=&#8221;yes&#8221; content_placement=&#8221;middle&#8221; column_direction=&#8221;default&#8221; column_direction_tablet=&#8221;default&#8221; column_direction_phone=&#8221;default&#8221; bg_color=&#8221;#ffffff&#8221; scene_position=&#8221;center&#8221; text_color=&#8221;dark&#8221; text_align=&#8221;left&#8221; row_border_radius=&#8221;none&#8221; row_border_radius_applies=&#8221;bg&#8221; overflow=&#8221;visible&#8221; overlay_strength=&#8221;0.3&#8243; gradient_direction=&#8221;left_to_right&#8221; shape_divider_position=&#8221;bottom&#8221; bg_image_animation=&#8221;none&#8221; shape_type=&#8221;&#8221; gradient_type=&#8221;default&#8221;][vc_column column_padding=&#8221;padding-5-percent&#8221; column_padding_tablet=&#8221;inherit&#8221; column_padding_phone=&#8221;inherit&#8221; column_padding_position=&#8221;all&#8221; column_element_direction_desktop=&#8221;default&#8221; column_element_spacing=&#8221;default&#8221; desktop_text_alignment=&#8221;default&#8221; tablet_text_alignment=&#8221;default&#8221; phone_text_alignment=&#8221;default&#8221; background_color_opacity=&#8221;1&#8243; background_hover_color_opacity=&#8221;1&#8243; column_backdrop_filter=&#8221;none&#8221; column_shadow=&#8221;none&#8221; column_border_radius=&#8221;none&#8221; column_link_target=&#8221;_self&#8221; column_position=&#8221;default&#8221; gradient_direction=&#8221;left_to_right&#8221; overlay_strength=&#8221;0.3&#8243; width=&#8221;1\/1&#8243; tablet_width_inherit=&#8221;default&#8221; animation_type=&#8221;default&#8221; bg_image_animation=&#8221;none&#8221; border_type=&#8221;simple&#8221; column_border_width=&#8221;none&#8221; column_border_style=&#8221;solid&#8221;][vc_row_inner equal_height=&#8221;yes&#8221; content_placement=&#8221;middle&#8221; column_margin=&#8221;30px&#8221; column_direction=&#8221;default&#8221; column_direction_tablet=&#8221;default&#8221; column_direction_phone=&#8221;default&#8221; constrain_group_2=&#8221;yes&#8221; text_align=&#8221;left&#8221; row_position=&#8221;default&#8221; row_position_tablet=&#8221;inherit&#8221; row_position_phone=&#8221;inherit&#8221; overflow=&#8221;visible&#8221; pointer_events=&#8221;all&#8221;][vc_column_inner column_padding=&#8221;padding-2-percent&#8221; column_padding_tablet=&#8221;inherit&#8221; column_padding_phone=&#8221;inherit&#8221; column_padding_position=&#8221;right&#8221; column_element_direction_desktop=&#8221;default&#8221; column_element_spacing=&#8221;default&#8221; desktop_text_alignment=&#8221;default&#8221; tablet_text_alignment=&#8221;default&#8221; phone_text_alignment=&#8221;default&#8221; background_color_opacity=&#8221;1&#8243; background_hover_color_opacity=&#8221;1&#8243; column_backdrop_filter=&#8221;none&#8221; font_color=&#8221;#212121&#8243; column_shadow=&#8221;none&#8221; column_border_radius=&#8221;none&#8221; column_link_target=&#8221;_self&#8221; overflow=&#8221;visible&#8221; gradient_direction=&#8221;left_to_right&#8221; overlay_strength=&#8221;0.3&#8243; width=&#8221;1\/1&#8243; tablet_width_inherit=&#8221;default&#8221; animation_type=&#8221;default&#8221; bg_image_animation=&#8221;none&#8221; border_type=&#8221;simple&#8221; column_border_width=&#8221;none&#8221; column_border_style=&#8221;solid&#8221;][vc_custom_heading text=&#8221;A memoria hist\u00f3rica da prater\u00eda e a azabacher\u00eda compostel\u00e1s e do \u2018encaixe\u2019 camari\u00f1\u00e1n \u00e9 o eixo dun novo convenio entre a Asociaci\u00f3n e o Concello.&#8221; font_container=&#8221;tag:h3|text_align:center|color:rgba(10%2C10%2C10%2C0.6)&#8221; use_theme_fonts=&#8221;yes&#8221;][\/vc_column_inner][\/vc_row_inner][vc_row_inner equal_height=&#8221;yes&#8221; content_placement=&#8221;bottom&#8221; column_margin=&#8221;40px&#8221; column_direction=&#8221;default&#8221; column_direction_tablet=&#8221;default&#8221; column_direction_phone=&#8221;default&#8221; top_padding=&#8221;3%&#8221; bottom_padding=&#8221;3%&#8221; constrain_group_2=&#8221;yes&#8221; text_align=&#8221;left&#8221; row_position=&#8221;default&#8221; row_position_tablet=&#8221;inherit&#8221; row_position_phone=&#8221;inherit&#8221; overflow=&#8221;visible&#8221; pointer_events=&#8221;all&#8221;][vc_column_inner column_padding=&#8221;no-extra-padding&#8221; column_padding_tablet=&#8221;inherit&#8221; column_padding_phone=&#8221;inherit&#8221; column_padding_position=&#8221;all&#8221; column_element_direction_desktop=&#8221;default&#8221; column_element_spacing=&#8221;default&#8221; desktop_text_alignment=&#8221;default&#8221; tablet_text_alignment=&#8221;default&#8221; phone_text_alignment=&#8221;default&#8221; background_color_opacity=&#8221;1&#8243; background_hover_color_opacity=&#8221;1&#8243; column_backdrop_filter=&#8221;none&#8221; column_shadow=&#8221;none&#8221; column_border_radius=&#8221;none&#8221; column_link_target=&#8221;_self&#8221; overflow=&#8221;visible&#8221; gradient_direction=&#8221;left_to_right&#8221; overlay_strength=&#8221;0.3&#8243; width=&#8221;1\/3&#8243; tablet_width_inherit=&#8221;default&#8221; animation_type=&#8221;default&#8221; bg_image_animation=&#8221;none&#8221; border_type=&#8221;simple&#8221; column_border_width=&#8221;none&#8221; column_border_style=&#8221;solid&#8221;][image_with_animation image_url=&#8221;1616&#8243; image_size=&#8221;full&#8221; animation_type=&#8221;entrance&#8221; animation=&#8221;Fade In&#8221; animation_easing=&#8221;default&#8221; animation_movement_type=&#8221;transform_y&#8221; hover_animation=&#8221;none&#8221; alignment=&#8221;&#8221; border_radius=&#8221;none&#8221; box_shadow=&#8221;none&#8221; image_loading=&#8221;default&#8221; max_width=&#8221;100%&#8221; max_width_mobile=&#8221;default&#8221;][vc_custom_heading text=&#8221;16 de Septiembre. El Correo Gallego&#8221; font_container=&#8221;tag:p|font_size:14|text_align:left&#8221; use_theme_fonts=&#8221;yes&#8221;][\/vc_column_inner][vc_column_inner column_padding=&#8221;no-extra-padding&#8221; column_padding_tablet=&#8221;inherit&#8221; column_padding_phone=&#8221;inherit&#8221; column_padding_position=&#8221;all&#8221; column_element_direction_desktop=&#8221;default&#8221; column_element_spacing=&#8221;default&#8221; desktop_text_alignment=&#8221;default&#8221; tablet_text_alignment=&#8221;default&#8221; phone_text_alignment=&#8221;default&#8221; background_color_opacity=&#8221;1&#8243; background_hover_color_opacity=&#8221;1&#8243; column_backdrop_filter=&#8221;none&#8221; column_shadow=&#8221;none&#8221; column_border_radius=&#8221;none&#8221; column_link_target=&#8221;_self&#8221; overflow=&#8221;visible&#8221; gradient_direction=&#8221;left_to_right&#8221; overlay_strength=&#8221;0.3&#8243; width=&#8221;2\/3&#8243; tablet_width_inherit=&#8221;default&#8221; animation_type=&#8221;default&#8221; bg_image_animation=&#8221;none&#8221; border_type=&#8221;simple&#8221; column_border_width=&#8221;none&#8221; column_border_style=&#8221;solid&#8221;][vc_custom_heading text=&#8221;Dentro do seu plan estrat\u00e9xico de revitalizaci\u00f3n da prater\u00eda e azabacher\u00eda, a asociaci\u00f3n Ourives de Compostela subscribiu onte, no Pazo de Fonseca e dentro da exposici\u00f3n que este acolle, Ou esplendor do Cami\u00f1o, un convenio de colaboraci\u00f3n co Concello de Camari\u00f1as. A s\u00faa finalidade, apunta a asociaci\u00f3n, \u00e9 a de po\u00f1er en valor os oficios \u201cdous prateiros e acibecheiros de Compostela e d\u00e1s palilleiras de Camari\u00f1as\u201d, as\u00ed como \u201cou incremento do atractivo tur\u00edstico\u201d dos seus respectivos municipios e de Galicia no seu conxunto, e a \u201cxeraci\u00f3n de postos de traballo e actividade econ\u00f3mica\u201d que se deu ao amparo de ambas.&#8221; font_container=&#8221;tag:p|text_align:left|color:rgba(10%2C10%2C10%2C0.6)&#8221; use_theme_fonts=&#8221;yes&#8221;][\/vc_column_inner][\/vc_row_inner][vc_row_inner column_margin=&#8221;default&#8221; column_direction=&#8221;default&#8221; column_direction_tablet=&#8221;default&#8221; column_direction_phone=&#8221;default&#8221; text_align=&#8221;left&#8221; row_position=&#8221;default&#8221; row_position_tablet=&#8221;inherit&#8221; row_position_phone=&#8221;inherit&#8221; overflow=&#8221;visible&#8221; pointer_events=&#8221;all&#8221;][vc_column_inner column_padding=&#8221;no-extra-padding&#8221; column_padding_tablet=&#8221;inherit&#8221; column_padding_phone=&#8221;inherit&#8221; column_padding_position=&#8221;all&#8221; column_element_direction_desktop=&#8221;default&#8221; column_element_spacing=&#8221;default&#8221; desktop_text_alignment=&#8221;default&#8221; tablet_text_alignment=&#8221;default&#8221; phone_text_alignment=&#8221;default&#8221; background_color_opacity=&#8221;1&#8243; background_hover_color_opacity=&#8221;1&#8243; column_backdrop_filter=&#8221;none&#8221; column_shadow=&#8221;none&#8221; column_border_radius=&#8221;none&#8221; column_link_target=&#8221;_self&#8221; overflow=&#8221;visible&#8221; gradient_direction=&#8221;left_to_right&#8221; overlay_strength=&#8221;0.3&#8243; width=&#8221;1\/1&#8243; tablet_width_inherit=&#8221;default&#8221; animation_type=&#8221;default&#8221; bg_image_animation=&#8221;none&#8221; border_type=&#8221;simple&#8221; column_border_width=&#8221;none&#8221; column_border_style=&#8221;solid&#8221;][vc_column_text]\n<h4>As\u00ed, entre as iniciativas que abordar\u00e1n ambas as partes est\u00e1n proxectos de \u201cextensi\u00f3n cultural, promoci\u00f3n econ\u00f3mica, difusi\u00f3n tur\u00edstica e produtos conxuntos de artesan\u00eda\u201d. Subscribiron o convenio Enrique Fink, vicepresidente do gremio ourive, e Sandra Insua, alcaldesa de Camari\u00f1as, quen, reflexionou, considera que se trata de \u201cun convenio tan importante que non sei como non ou fixemos fai trinta anos\u201d, expresando o seu convencemento de que \u201cvos pobos que non respectan ou seu pasado non te\u00f1en futuro\u201d, polo que se torna imprescindible o apoio aos oficios tradicionais e \u00e1 importancia da s\u00faa memoria hist\u00f3rica.<\/h4>\n[\/vc_column_text][\/vc_column_inner][\/vc_row_inner][\/vc_column][\/vc_row][vc_row type=&#8221;in_container&#8221; full_screen_row_position=&#8221;middle&#8221; column_margin=&#8221;default&#8221; equal_height=&#8221;yes&#8221; content_placement=&#8221;middle&#8221; column_direction=&#8221;default&#8221; column_direction_tablet=&#8221;default&#8221; column_direction_phone=&#8221;default&#8221; bg_color=&#8221;#ffffff&#8221; scene_position=&#8221;center&#8221; text_color=&#8221;dark&#8221; text_align=&#8221;left&#8221; row_border_radius=&#8221;none&#8221; row_border_radius_applies=&#8221;bg&#8221; overflow=&#8221;visible&#8221; overlay_strength=&#8221;0.3&#8243; gradient_direction=&#8221;left_to_right&#8221; shape_divider_position=&#8221;bottom&#8221; bg_image_animation=&#8221;none&#8221; shape_type=&#8221;&#8221;][vc_column column_padding=&#8221;padding-5-percent&#8221; column_padding_tablet=&#8221;inherit&#8221; column_padding_phone=&#8221;inherit&#8221; column_padding_position=&#8221;all&#8221; column_element_direction_desktop=&#8221;default&#8221; column_element_spacing=&#8221;default&#8221; desktop_text_alignment=&#8221;default&#8221; tablet_text_alignment=&#8221;default&#8221; phone_text_alignment=&#8221;default&#8221; background_color_opacity=&#8221;1&#8243; background_hover_color_opacity=&#8221;1&#8243; column_backdrop_filter=&#8221;none&#8221; column_shadow=&#8221;none&#8221; column_border_radius=&#8221;none&#8221; column_link_target=&#8221;_self&#8221; column_position=&#8221;default&#8221; gradient_direction=&#8221;left_to_right&#8221; overlay_strength=&#8221;0.3&#8243; width=&#8221;1\/1&#8243; tablet_width_inherit=&#8221;default&#8221; animation_type=&#8221;default&#8221; bg_image_animation=&#8221;none&#8221; border_type=&#8221;simple&#8221; column_border_width=&#8221;none&#8221; column_border_style=&#8221;solid&#8221;][vc_row_inner equal_height=&#8221;yes&#8221; column_margin=&#8221;40px&#8221; column_direction=&#8221;default&#8221; column_direction_tablet=&#8221;default&#8221; column_direction_phone=&#8221;default&#8221; top_padding=&#8221;3%&#8221; bottom_padding=&#8221;3%&#8221; constrain_group_2=&#8221;yes&#8221; text_align=&#8221;left&#8221; row_position=&#8221;default&#8221; row_position_tablet=&#8221;inherit&#8221; row_position_phone=&#8221;inherit&#8221; overflow=&#8221;visible&#8221; pointer_events=&#8221;all&#8221;][vc_column_inner column_padding=&#8221;no-extra-padding&#8221; column_padding_tablet=&#8221;inherit&#8221; column_padding_phone=&#8221;inherit&#8221; column_padding_position=&#8221;all&#8221; column_element_direction_desktop=&#8221;default&#8221; column_element_spacing=&#8221;default&#8221; desktop_text_alignment=&#8221;default&#8221; tablet_text_alignment=&#8221;default&#8221; phone_text_alignment=&#8221;default&#8221; background_color_opacity=&#8221;1&#8243; background_hover_color_opacity=&#8221;1&#8243; column_backdrop_filter=&#8221;none&#8221; column_shadow=&#8221;none&#8221; column_border_radius=&#8221;none&#8221; column_link_target=&#8221;_self&#8221; overflow=&#8221;visible&#8221; gradient_direction=&#8221;left_to_right&#8221; overlay_strength=&#8221;0.3&#8243; width=&#8221;1\/1&#8243; tablet_width_inherit=&#8221;default&#8221; animation_type=&#8221;default&#8221; bg_image_animation=&#8221;none&#8221; border_type=&#8221;simple&#8221; column_border_width=&#8221;none&#8221; column_border_style=&#8221;solid&#8221;][nectar_animated_title heading_tag=&#8221;h3&#8243; style=&#8221;color-strip-reveal&#8221; color=&#8221;Extra-Color-3&#8243; text=&#8221;Como primeira materializaci\u00f3n do acordo, en horario de 10.00 a 14.00 horas e de 16.00 a 20.00 horas, onte houbo exhibici\u00f3ns conxuntas de prateiros, azabacheros e palilleiras para que veci\u00f1os e visitantes co\u00f1ezan estas disciplinas lendarias.&#8221;][\/vc_column_inner][\/vc_row_inner][vc_row_inner equal_height=&#8221;yes&#8221; column_margin=&#8221;40px&#8221; column_direction=&#8221;default&#8221; column_direction_tablet=&#8221;default&#8221; column_direction_phone=&#8221;default&#8221; top_padding=&#8221;3%&#8221; bottom_padding=&#8221;3%&#8221; constrain_group_2=&#8221;yes&#8221; text_align=&#8221;left&#8221; row_position=&#8221;default&#8221; row_position_tablet=&#8221;inherit&#8221; row_position_phone=&#8221;inherit&#8221; overflow=&#8221;visible&#8221; pointer_events=&#8221;all&#8221;][vc_column_inner column_padding=&#8221;no-extra-padding&#8221; column_padding_tablet=&#8221;inherit&#8221; column_padding_phone=&#8221;inherit&#8221; column_padding_position=&#8221;all&#8221; column_element_direction_desktop=&#8221;default&#8221; column_element_spacing=&#8221;default&#8221; desktop_text_alignment=&#8221;default&#8221; tablet_text_alignment=&#8221;default&#8221; phone_text_alignment=&#8221;default&#8221; background_color_opacity=&#8221;1&#8243; background_hover_color_opacity=&#8221;1&#8243; column_backdrop_filter=&#8221;none&#8221; column_shadow=&#8221;none&#8221; column_border_radius=&#8221;none&#8221; column_link_target=&#8221;_self&#8221; overflow=&#8221;visible&#8221; gradient_direction=&#8221;left_to_right&#8221; overlay_strength=&#8221;0.3&#8243; width=&#8221;2\/3&#8243; tablet_width_inherit=&#8221;default&#8221; animation_type=&#8221;default&#8221; bg_image_animation=&#8221;none&#8221; border_type=&#8221;simple&#8221; column_border_width=&#8221;none&#8221; column_border_style=&#8221;solid&#8221;][nectar_highlighted_text color_type=&#8221;regular&#8221; highlight_color=&#8221;#e5e5e5&#8243; text_color=&#8221;rgba(10,10,10,0.6)&#8221; style=&#8221;full_text&#8221; highlight_expansion=&#8221;default&#8221;]Ao acto de firma asistiron tam\u00e9n directivos do gremio compostel\u00e1n como Carmen Mar\u00eda Otero e Alejandro Sande, \u00e1 vez que outros membros da asociaci\u00f3n como Manuela Mart\u00ednez ou Vicente Sande. Fernando Mayer, padri\u00f1o da exposici\u00f3n Ou esplendor do Cami\u00f1o, e o ourive Manuel D\u00e1vila. Por parte camari\u00f1\u00e1, a alcaldesa asistiu acompa\u00f1ada de Encarna Li\u00f1eiro, concelleira encargada do sector, e Dores Lema, directora da Mostra do Encaixe.[\/nectar_highlighted_text][\/vc_column_inner][vc_column_inner column_padding=&#8221;no-extra-padding&#8221; column_padding_tablet=&#8221;inherit&#8221; column_padding_phone=&#8221;inherit&#8221; column_padding_position=&#8221;all&#8221; column_element_direction_desktop=&#8221;default&#8221; column_element_spacing=&#8221;default&#8221; desktop_text_alignment=&#8221;default&#8221; tablet_text_alignment=&#8221;default&#8221; phone_text_alignment=&#8221;default&#8221; background_color_opacity=&#8221;1&#8243; background_hover_color_opacity=&#8221;1&#8243; column_backdrop_filter=&#8221;none&#8221; column_shadow=&#8221;none&#8221; column_border_radius=&#8221;none&#8221; column_link_target=&#8221;_self&#8221; overflow=&#8221;visible&#8221; gradient_direction=&#8221;left_to_right&#8221; overlay_strength=&#8221;0.3&#8243; width=&#8221;1\/3&#8243; tablet_width_inherit=&#8221;default&#8221; animation_type=&#8221;default&#8221; bg_image_animation=&#8221;none&#8221; border_type=&#8221;simple&#8221; column_border_width=&#8221;none&#8221; column_border_style=&#8221;solid&#8221;][nectar_highlighted_text color_type=&#8221;regular&#8221; highlight_color=&#8221;#e5e5e5&#8243; text_color=&#8221;rgba(10,10,10,0.6)&#8221; style=&#8221;full_text&#8221; highlight_expansion=&#8221;default&#8221;]\n<h5>Por \u00faltimo, ademais da alcaldesa de Camari\u00f1as e de Lisardo N\u00fa\u00f1ez tam\u00e9n tomaron a palabra Mercedes Ros\u00f3n, tenente alcalde de Santiago, e a Vicerreitora de Estudantes e Cultura, Pilar Murias. Ros\u00f3n manifestou o seu apoio \u00e1 iniciativa e a s\u00faa satisfacci\u00f3n polos proxectos do gremio e a repercusi\u00f3n que este convenio ter\u00e1 para un futuro pr\u00f3ximo. Pola s\u00faa banda, a vicerreitora da USC agradeceu o escoller a Universidade para celebrar a firma do convenio e puxo ao dispor de ambas as partes a colaboraci\u00f3n da instituci\u00f3n.<\/h5>\n[\/nectar_highlighted_text][\/vc_column_inner][\/vc_row_inner][\/vc_column][\/vc_row][vc_row type=&#8221;in_container&#8221; full_screen_row_position=&#8221;middle&#8221; column_margin=&#8221;default&#8221; column_direction=&#8221;default&#8221; column_direction_tablet=&#8221;default&#8221; column_direction_phone=&#8221;default&#8221; scene_position=&#8221;center&#8221; text_color=&#8221;dark&#8221; text_align=&#8221;left&#8221; row_border_radius=&#8221;none&#8221; row_border_radius_applies=&#8221;bg&#8221; overflow=&#8221;visible&#8221; overlay_strength=&#8221;0.3&#8243; gradient_direction=&#8221;left_to_right&#8221; shape_divider_position=&#8221;bottom&#8221; bg_image_animation=&#8221;none&#8221;][vc_column column_padding=&#8221;no-extra-padding&#8221; column_padding_tablet=&#8221;inherit&#8221; column_padding_phone=&#8221;inherit&#8221; column_padding_position=&#8221;all&#8221; column_element_direction_desktop=&#8221;default&#8221; column_element_spacing=&#8221;default&#8221; desktop_text_alignment=&#8221;default&#8221; tablet_text_alignment=&#8221;default&#8221; phone_text_alignment=&#8221;default&#8221; background_color_opacity=&#8221;1&#8243; background_hover_color_opacity=&#8221;1&#8243; column_backdrop_filter=&#8221;none&#8221; column_shadow=&#8221;none&#8221; column_border_radius=&#8221;none&#8221; column_link_target=&#8221;_self&#8221; column_position=&#8221;default&#8221; gradient_direction=&#8221;left_to_right&#8221; overlay_strength=&#8221;0.3&#8243; width=&#8221;1\/1&#8243; tablet_width_inherit=&#8221;default&#8221; animation_type=&#8221;default&#8221; bg_image_animation=&#8221;none&#8221; border_type=&#8221;simple&#8221; column_border_width=&#8221;none&#8221; column_border_style=&#8221;solid&#8221;][divider line_type=&#8221;No Line&#8221; custom_height=&#8221;20px&#8221;][\/vc_column][\/vc_row][vc_row type=&#8221;full_width_background&#8221; full_screen_row_position=&#8221;middle&#8221; column_margin=&#8221;default&#8221; equal_height=&#8221;yes&#8221; content_placement=&#8221;bottom&#8221; column_direction=&#8221;default&#8221; column_direction_tablet=&#8221;default&#8221; column_direction_phone=&#8221;default&#8221; bg_color=&#8221;#e5e5e5&#8243; scene_position=&#8221;center&#8221; constrain_group_1=&#8221;yes&#8221; text_color=&#8221;dark&#8221; text_align=&#8221;left&#8221; row_border_radius=&#8221;none&#8221; row_border_radius_applies=&#8221;bg&#8221; overflow=&#8221;visible&#8221; id=&#8221;noticias&#8221; overlay_strength=&#8221;0.8&#8243; gradient_direction=&#8221;left_to_right&#8221; shape_divider_position=&#8221;bottom&#8221; bg_image_animation=&#8221;none&#8221; shape_type=&#8221;&#8221;][vc_column column_padding=&#8221;padding-7-percent&#8221; column_padding_tablet=&#8221;inherit&#8221; column_padding_phone=&#8221;inherit&#8221; column_padding_position=&#8221;top-bottom&#8221; constrain_group_1=&#8221;yes&#8221; column_element_direction_desktop=&#8221;default&#8221; column_element_spacing=&#8221;default&#8221; desktop_text_alignment=&#8221;default&#8221; tablet_text_alignment=&#8221;default&#8221; phone_text_alignment=&#8221;default&#8221; background_color_opacity=&#8221;1&#8243; background_hover_color_opacity=&#8221;1&#8243; column_backdrop_filter=&#8221;none&#8221; column_shadow=&#8221;none&#8221; column_border_radius=&#8221;none&#8221; column_link_target=&#8221;_self&#8221; column_position=&#8221;default&#8221; gradient_direction=&#8221;left_to_right&#8221; overlay_strength=&#8221;0.3&#8243; width=&#8221;1\/1&#8243; tablet_width_inherit=&#8221;default&#8221; animation_type=&#8221;default&#8221; bg_image_animation=&#8221;none&#8221; border_type=&#8221;simple&#8221; column_border_width=&#8221;none&#8221; column_border_style=&#8221;solid&#8221;][vc_row_inner column_margin=&#8221;default&#8221; column_direction=&#8221;default&#8221; column_direction_tablet=&#8221;default&#8221; column_direction_phone=&#8221;default&#8221; text_align=&#8221;left&#8221; row_position=&#8221;default&#8221; row_position_tablet=&#8221;inherit&#8221; row_position_phone=&#8221;inherit&#8221; overflow=&#8221;visible&#8221; pointer_events=&#8221;all&#8221;][vc_column_inner column_padding=&#8221;no-extra-padding&#8221; column_padding_tablet=&#8221;inherit&#8221; column_padding_phone=&#8221;inherit&#8221; column_padding_position=&#8221;all&#8221; column_element_direction_desktop=&#8221;default&#8221; column_element_spacing=&#8221;default&#8221; desktop_text_alignment=&#8221;default&#8221; tablet_text_alignment=&#8221;default&#8221; phone_text_alignment=&#8221;default&#8221; background_color_opacity=&#8221;1&#8243; background_hover_color_opacity=&#8221;1&#8243; column_backdrop_filter=&#8221;none&#8221; column_shadow=&#8221;none&#8221; column_border_radius=&#8221;none&#8221; column_link_target=&#8221;_self&#8221; overflow=&#8221;visible&#8221; gradient_direction=&#8221;left_to_right&#8221; overlay_strength=&#8221;0.3&#8243; width=&#8221;1\/1&#8243; tablet_width_inherit=&#8221;default&#8221; animation_type=&#8221;default&#8221; bg_image_animation=&#8221;none&#8221; border_type=&#8221;simple&#8221; column_border_width=&#8221;none&#8221; column_border_style=&#8221;solid&#8221;][vc_custom_heading text=&#8221;NOTICIA NOS MEDIOS&#8221; font_container=&#8221;tag:h5|text_align:left&#8221; use_theme_fonts=&#8221;yes&#8221;][divider line_type=&#8221;No Line&#8221;][\/vc_column_inner][\/vc_row_inner][vc_row_inner equal_height=&#8221;yes&#8221; content_placement=&#8221;bottom&#8221; column_margin=&#8221;default&#8221; column_direction=&#8221;default&#8221; column_direction_tablet=&#8221;default&#8221; column_direction_phone=&#8221;default&#8221; text_align=&#8221;left&#8221; row_position=&#8221;default&#8221; row_position_tablet=&#8221;inherit&#8221; row_position_phone=&#8221;inherit&#8221; overflow=&#8221;visible&#8221; pointer_events=&#8221;all&#8221;][vc_column_inner column_padding=&#8221;padding-2-percent&#8221; column_padding_tablet=&#8221;inherit&#8221; column_padding_phone=&#8221;inherit&#8221; column_padding_position=&#8221;all&#8221; column_element_direction_desktop=&#8221;default&#8221; column_element_spacing=&#8221;default&#8221; desktop_text_alignment=&#8221;default&#8221; tablet_text_alignment=&#8221;default&#8221; phone_text_alignment=&#8221;default&#8221; background_color=&#8221;#ffffff&#8221; background_color_opacity=&#8221;1&#8243; background_hover_color_opacity=&#8221;1&#8243; column_backdrop_filter=&#8221;none&#8221; column_shadow=&#8221;none&#8221; column_border_radius=&#8221;none&#8221; column_link_target=&#8221;_self&#8221; overflow=&#8221;visible&#8221; gradient_direction=&#8221;left_to_right&#8221; overlay_strength=&#8221;0.3&#8243; width=&#8221;1\/3&#8243; tablet_width_inherit=&#8221;default&#8221; animation_type=&#8221;default&#8221; bg_image_animation=&#8221;none&#8221; border_type=&#8221;simple&#8221; column_border_width=&#8221;none&#8221; column_border_style=&#8221;solid&#8221;][image_with_animation image_url=&#8221;1615&#8243; image_size=&#8221;full&#8221; animation_type=&#8221;entrance&#8221; animation=&#8221;Fade In&#8221; animation_easing=&#8221;default&#8221; animation_movement_type=&#8221;transform_y&#8221; hover_animation=&#8221;zoom-crop&#8221; alignment=&#8221;&#8221; border_radius=&#8221;none&#8221; box_shadow=&#8221;none&#8221; image_loading=&#8221;default&#8221; max_width=&#8221;100%&#8221; max_width_mobile=&#8221;default&#8221;][vc_custom_heading text=&#8221;16 de setembro de 2022 | El Correo Gallego&#8221; font_container=&#8221;tag:div|font_size:12px|text_align:left&#8221; use_theme_fonts=&#8221;yes&#8221;][nectar_cta btn_style=&#8221;see-through&#8221; heading_tag=&#8221;span&#8221; button_color=&#8221;default&#8221; text_color=&#8221;#212121&#8243; button_border_thickness=&#8221;0px&#8221; link_type=&#8221;new_tab&#8221; alignment=&#8221;left&#8221; alignment_tablet=&#8221;default&#8221; alignment_phone=&#8221;default&#8221; display=&#8221;block&#8221; display_tablet=&#8221;inherit&#8221; display_phone=&#8221;inherit&#8221; text=&#8221;Ver noticia&#8221; url=&#8221;https:\/\/www.elcorreogallego.es\/santiago\/camarinas-apuesta-por-la-artesania-propia-con-ourives-de-compostela-JL12087952&#8243;][\/vc_column_inner][vc_column_inner column_padding=&#8221;padding-2-percent&#8221; column_padding_tablet=&#8221;inherit&#8221; column_padding_phone=&#8221;inherit&#8221; column_padding_position=&#8221;all&#8221; column_element_direction_desktop=&#8221;default&#8221; column_element_spacing=&#8221;default&#8221; desktop_text_alignment=&#8221;default&#8221; tablet_text_alignment=&#8221;default&#8221; phone_text_alignment=&#8221;default&#8221; background_color=&#8221;#ffffff&#8221; background_color_opacity=&#8221;1&#8243; background_hover_color_opacity=&#8221;1&#8243; column_backdrop_filter=&#8221;none&#8221; column_shadow=&#8221;none&#8221; column_border_radius=&#8221;none&#8221; column_link_target=&#8221;_self&#8221; overflow=&#8221;visible&#8221; gradient_direction=&#8221;left_to_right&#8221; overlay_strength=&#8221;0.3&#8243; width=&#8221;1\/3&#8243; tablet_width_inherit=&#8221;default&#8221; animation_type=&#8221;default&#8221; bg_image_animation=&#8221;none&#8221; border_type=&#8221;simple&#8221; column_border_width=&#8221;none&#8221; column_border_style=&#8221;solid&#8221;][image_with_animation image_url=&#8221;1617&#8243; image_size=&#8221;full&#8221; animation_type=&#8221;entrance&#8221; animation=&#8221;Fade In&#8221; animation_easing=&#8221;default&#8221; animation_movement_type=&#8221;transform_y&#8221; hover_animation=&#8221;zoom-crop&#8221; alignment=&#8221;&#8221; border_radius=&#8221;none&#8221; box_shadow=&#8221;none&#8221; image_loading=&#8221;default&#8221; max_width=&#8221;100%&#8221; max_width_mobile=&#8221;default&#8221;][vc_custom_heading text=&#8221;17 setembro 2022 | La Voz de Galicia&#8221; font_container=&#8221;tag:div|font_size:12px|text_align:left&#8221; use_theme_fonts=&#8221;yes&#8221;][nectar_cta btn_style=&#8221;see-through&#8221; heading_tag=&#8221;span&#8221; button_color=&#8221;default&#8221; text_color=&#8221;#212121&#8243; button_border_thickness=&#8221;0px&#8221; link_type=&#8221;new_tab&#8221; alignment=&#8221;left&#8221; alignment_tablet=&#8221;default&#8221; alignment_phone=&#8221;default&#8221; display=&#8221;block&#8221; display_tablet=&#8221;inherit&#8221; display_phone=&#8221;inherit&#8221; text=&#8221;Ver noticia&#8221; url=&#8221;https:\/\/www.lavozdegalicia.es\/noticia\/carballo\/camarinas\/2022\/09\/17\/encaixe-alia-ourives-abrirse-nuevas-posibilidades\/0003_202209C17C7991.htm&#8221;][\/vc_column_inner][vc_column_inner column_padding=&#8221;padding-2-percent&#8221; column_padding_tablet=&#8221;inherit&#8221; column_padding_phone=&#8221;inherit&#8221; column_padding_position=&#8221;all&#8221; column_element_direction_desktop=&#8221;default&#8221; column_element_spacing=&#8221;default&#8221; desktop_text_alignment=&#8221;default&#8221; tablet_text_alignment=&#8221;default&#8221; phone_text_alignment=&#8221;default&#8221; background_color=&#8221;#ffffff&#8221; background_color_opacity=&#8221;1&#8243; background_hover_color_opacity=&#8221;1&#8243; column_backdrop_filter=&#8221;none&#8221; column_shadow=&#8221;none&#8221; column_border_radius=&#8221;none&#8221; column_link_target=&#8221;_self&#8221; overflow=&#8221;visible&#8221; gradient_direction=&#8221;left_to_right&#8221; overlay_strength=&#8221;0.3&#8243; width=&#8221;1\/3&#8243; tablet_width_inherit=&#8221;default&#8221; animation_type=&#8221;default&#8221; bg_image_animation=&#8221;none&#8221; border_type=&#8221;simple&#8221; column_border_width=&#8221;none&#8221; column_border_style=&#8221;solid&#8221;][image_with_animation image_url=&#8221;1615&#8243; image_size=&#8221;full&#8221; animation_type=&#8221;entrance&#8221; animation=&#8221;Fade In&#8221; animation_easing=&#8221;default&#8221; animation_movement_type=&#8221;transform_y&#8221; hover_animation=&#8221;zoom-crop&#8221; alignment=&#8221;&#8221; border_radius=&#8221;none&#8221; box_shadow=&#8221;none&#8221; image_loading=&#8221;default&#8221; max_width=&#8221;100%&#8221; max_width_mobile=&#8221;default&#8221;][vc_custom_heading text=&#8221;15 setembro 2022 | El Correo Gallego&#8221; font_container=&#8221;tag:div|font_size:12px|text_align:left&#8221; use_theme_fonts=&#8221;yes&#8221;][nectar_cta btn_style=&#8221;see-through&#8221; heading_tag=&#8221;span&#8221; button_color=&#8221;default&#8221; text_color=&#8221;#212121&#8243; button_border_thickness=&#8221;0px&#8221; link_type=&#8221;new_tab&#8221; alignment=&#8221;left&#8221; alignment_tablet=&#8221;default&#8221; alignment_phone=&#8221;default&#8221; display=&#8221;block&#8221; display_tablet=&#8221;inherit&#8221; display_phone=&#8221;inherit&#8221; text=&#8221;Ver noticia&#8221; url=&#8221;https:\/\/www.elcorreogallego.es\/santiago\/ourives-de-compostela-transporta-a-camarinas-la-plateria-y-la-azabacheria-AE12079898&#8243;][\/vc_column_inner][\/vc_row_inner][\/vc_column][\/vc_row]\n","protected":false},"excerpt":{"rendered":"<p>[vc_row type=&#8221;full_width_background&#8221; full_screen_row_position=&#8221;middle&#8221; column_margin=&#8221;default&#8221; equal_height=&#8221;yes&#8221; content_placement=&#8221;middle&#8221; column_direction=&#8221;default&#8221; column_direction_tablet=&#8221;default&#8221; column_direction_phone=&#8221;default&#8221; bg_color=&#8221;#ffffff&#8221; scene_position=&#8221;center&#8221; text_color=&#8221;dark&#8221; text_align=&#8221;left&#8221; row_border_radius=&#8221;none&#8221; row_border_radius_applies=&#8221;bg&#8221; overflow=&#8221;visible&#8221; overlay_strength=&#8221;0.3&#8243; gradient_direction=&#8221;left_to_right&#8221; shape_divider_position=&#8221;bottom&#8221; bg_image_animation=&#8221;none&#8221; shape_type=&#8221;&#8221; gradient_type=&#8221;default&#8221;][vc_column column_padding=&#8221;padding-5-percent&#8221; column_padding_tablet=&#8221;inherit&#8221; column_padding_phone=&#8221;inherit&#8221; column_padding_position=&#8221;all&#8221; column_element_direction_desktop=&#8221;default&#8221; column_element_spacing=&#8221;default&#8221; desktop_text_alignment=&#8221;default&#8221; tablet_text_alignment=&#8221;default&#8221;&#8230;<\/p>\n","protected":false},"author":2,"featured_media":2486,"comment_status":"closed","ping_status":"open","sticky":false,"template":"","format":"standard","meta":{"footnotes":""},"categories":[25],"tags":[],"class_list":{"0":"post-2484","1":"post","2":"type-post","3":"status-publish","4":"format-standard","5":"has-post-thumbnail","7":"category-prensa-en"},"yoast_head":"<!-- This site is optimized with the Yoast SEO plugin v25.2 - https:\/\/yoast.com\/wordpress\/plugins\/seo\/ -->\n<title>Camari\u00f1as aposta pola artesan\u00eda con Ourives de Compostela - Ourives de Compostela<\/title>\n<meta name=\"robots\" content=\"index, follow, max-snippet:-1, max-image-preview:large, max-video-preview:-1\" \/>\n<link rel=\"canonical\" href=\"https:\/\/ourivesdecompostela.gal\/en\/camarinas-aposta-pola-artesania-con-ourives-de-compostela\/\" \/>\n<meta property=\"og:locale\" content=\"en_US\" \/>\n<meta property=\"og:type\" content=\"article\" \/>\n<meta property=\"og:title\" content=\"Camari\u00f1as aposta pola artesan\u00eda con Ourives de Compostela - Ourives de Compostela\" \/>\n<meta property=\"og:description\" content=\"[vc_row type=&#8221;full_width_background&#8221; full_screen_row_position=&#8221;middle&#8221; column_margin=&#8221;default&#8221; equal_height=&#8221;yes&#8221; content_placement=&#8221;middle&#8221; column_direction=&#8221;default&#8221; column_direction_tablet=&#8221;default&#8221; column_direction_phone=&#8221;default&#8221; bg_color=&#8221;#ffffff&#8221; scene_position=&#8221;center&#8221; text_color=&#8221;dark&#8221; text_align=&#8221;left&#8221; row_border_radius=&#8221;none&#8221; row_border_radius_applies=&#8221;bg&#8221; overflow=&#8221;visible&#8221; overlay_strength=&#8221;0.3&#8243; gradient_direction=&#8221;left_to_right&#8221; shape_divider_position=&#8221;bottom&#8221; bg_image_animation=&#8221;none&#8221; shape_type=&#8221;&#8221; gradient_type=&#8221;default&#8221;][vc_column column_padding=&#8221;padding-5-percent&#8221; column_padding_tablet=&#8221;inherit&#8221; column_padding_phone=&#8221;inherit&#8221; column_padding_position=&#8221;all&#8221; column_element_direction_desktop=&#8221;default&#8221; column_element_spacing=&#8221;default&#8221; desktop_text_alignment=&#8221;default&#8221; tablet_text_alignment=&#8221;default&#8221;...\" \/>\n<meta property=\"og:url\" content=\"https:\/\/ourivesdecompostela.gal\/en\/camarinas-aposta-pola-artesania-con-ourives-de-compostela\/\" \/>\n<meta property=\"og:site_name\" content=\"Ourives de Compostela\" \/>\n<meta property=\"article:published_time\" content=\"2022-09-18T22:28:46+00:00\" \/>\n<meta property=\"article:modified_time\" content=\"2023-11-15T10:21:39+00:00\" \/>\n<meta property=\"og:image\" content=\"https:\/\/ourivesdecompostela.gal\/wp-content\/uploads\/2022\/09\/ourives-camarinas-artesania.jpg\" \/>\n\t<meta property=\"og:image:width\" content=\"900\" \/>\n\t<meta property=\"og:image:height\" content=\"506\" \/>\n\t<meta property=\"og:image:type\" content=\"image\/jpeg\" \/>\n<meta name=\"author\" content=\"Mochi Maceira\" \/>\n<meta name=\"twitter:card\" content=\"summary_large_image\" \/>\n<meta name=\"twitter:label1\" content=\"Written by\" \/>\n\t<meta name=\"twitter:data1\" content=\"Mochi Maceira\" \/>\n\t<meta name=\"twitter:label2\" content=\"Est. reading time\" \/>\n\t<meta name=\"twitter:data2\" content=\"7 minutes\" \/>\n<script type=\"application\/ld+json\" class=\"yoast-schema-graph\">{\"@context\":\"https:\/\/schema.org\",\"@graph\":[{\"@type\":\"WebPage\",\"@id\":\"https:\/\/ourivesdecompostela.gal\/en\/camarinas-aposta-pola-artesania-con-ourives-de-compostela\/\",\"url\":\"https:\/\/ourivesdecompostela.gal\/en\/camarinas-aposta-pola-artesania-con-ourives-de-compostela\/\",\"name\":\"Camari\u00f1as aposta pola artesan\u00eda con Ourives de Compostela - Ourives de Compostela\",\"isPartOf\":{\"@id\":\"https:\/\/ourivesdecompostela.gal\/en\/#website\"},\"primaryImageOfPage\":{\"@id\":\"https:\/\/ourivesdecompostela.gal\/en\/camarinas-aposta-pola-artesania-con-ourives-de-compostela\/#primaryimage\"},\"image\":{\"@id\":\"https:\/\/ourivesdecompostela.gal\/en\/camarinas-aposta-pola-artesania-con-ourives-de-compostela\/#primaryimage\"},\"thumbnailUrl\":\"https:\/\/ourivesdecompostela.gal\/wp-content\/uploads\/2022\/09\/ourives-camarinas-artesania.jpg\",\"datePublished\":\"2022-09-18T22:28:46+00:00\",\"dateModified\":\"2023-11-15T10:21:39+00:00\",\"author\":{\"@id\":\"https:\/\/ourivesdecompostela.gal\/en\/#\/schema\/person\/c67a7da9e3a4a11a3d4b1aee378ee82d\"},\"breadcrumb\":{\"@id\":\"https:\/\/ourivesdecompostela.gal\/en\/camarinas-aposta-pola-artesania-con-ourives-de-compostela\/#breadcrumb\"},\"inLanguage\":\"en-US\",\"potentialAction\":[{\"@type\":\"ReadAction\",\"target\":[\"https:\/\/ourivesdecompostela.gal\/en\/camarinas-aposta-pola-artesania-con-ourives-de-compostela\/\"]}]},{\"@type\":\"ImageObject\",\"inLanguage\":\"en-US\",\"@id\":\"https:\/\/ourivesdecompostela.gal\/en\/camarinas-aposta-pola-artesania-con-ourives-de-compostela\/#primaryimage\",\"url\":\"https:\/\/ourivesdecompostela.gal\/wp-content\/uploads\/2022\/09\/ourives-camarinas-artesania.jpg\",\"contentUrl\":\"https:\/\/ourivesdecompostela.gal\/wp-content\/uploads\/2022\/09\/ourives-camarinas-artesania.jpg\",\"width\":900,\"height\":506},{\"@type\":\"BreadcrumbList\",\"@id\":\"https:\/\/ourivesdecompostela.gal\/en\/camarinas-aposta-pola-artesania-con-ourives-de-compostela\/#breadcrumb\",\"itemListElement\":[{\"@type\":\"ListItem\",\"position\":1,\"name\":\"Portada\",\"item\":\"https:\/\/ourivesdecompostela.gal\/en\/\"},{\"@type\":\"ListItem\",\"position\":2,\"name\":\"Camari\u00f1as aposta pola artesan\u00eda con Ourives de Compostela\"}]},{\"@type\":\"WebSite\",\"@id\":\"https:\/\/ourivesdecompostela.gal\/en\/#website\",\"url\":\"https:\/\/ourivesdecompostela.gal\/en\/\",\"name\":\"Ourives de Compostela\",\"description\":\"Aut\u00e9ntica Ouriver\u00eda Ancestral de Santiago\",\"potentialAction\":[{\"@type\":\"SearchAction\",\"target\":{\"@type\":\"EntryPoint\",\"urlTemplate\":\"https:\/\/ourivesdecompostela.gal\/en\/?s={search_term_string}\"},\"query-input\":{\"@type\":\"PropertyValueSpecification\",\"valueRequired\":true,\"valueName\":\"search_term_string\"}}],\"inLanguage\":\"en-US\"},{\"@type\":\"Person\",\"@id\":\"https:\/\/ourivesdecompostela.gal\/en\/#\/schema\/person\/c67a7da9e3a4a11a3d4b1aee378ee82d\",\"name\":\"Mochi Maceira\",\"image\":{\"@type\":\"ImageObject\",\"inLanguage\":\"en-US\",\"@id\":\"https:\/\/ourivesdecompostela.gal\/en\/#\/schema\/person\/image\/\",\"url\":\"https:\/\/secure.gravatar.com\/avatar\/c60d5cbac116fe4952bdf0524b1797960c19ae3358e010b61084f20b28af63fc?s=96&d=mm&r=g\",\"contentUrl\":\"https:\/\/secure.gravatar.com\/avatar\/c60d5cbac116fe4952bdf0524b1797960c19ae3358e010b61084f20b28af63fc?s=96&d=mm&r=g\",\"caption\":\"Mochi Maceira\"},\"url\":\"https:\/\/ourivesdecompostela.gal\/en\/author\/mantenimiento\/\"}]}<\/script>\n<!-- \/ Yoast SEO plugin. -->","yoast_head_json":{"title":"Camari\u00f1as aposta pola artesan\u00eda con Ourives de Compostela - Ourives de Compostela","robots":{"index":"index","follow":"follow","max-snippet":"max-snippet:-1","max-image-preview":"max-image-preview:large","max-video-preview":"max-video-preview:-1"},"canonical":"https:\/\/ourivesdecompostela.gal\/en\/camarinas-aposta-pola-artesania-con-ourives-de-compostela\/","og_locale":"en_US","og_type":"article","og_title":"Camari\u00f1as aposta pola artesan\u00eda con Ourives de Compostela - Ourives de Compostela","og_description":"[vc_row type=&#8221;full_width_background&#8221; full_screen_row_position=&#8221;middle&#8221; column_margin=&#8221;default&#8221; equal_height=&#8221;yes&#8221; content_placement=&#8221;middle&#8221; column_direction=&#8221;default&#8221; column_direction_tablet=&#8221;default&#8221; column_direction_phone=&#8221;default&#8221; bg_color=&#8221;#ffffff&#8221; scene_position=&#8221;center&#8221; text_color=&#8221;dark&#8221; text_align=&#8221;left&#8221; row_border_radius=&#8221;none&#8221; row_border_radius_applies=&#8221;bg&#8221; overflow=&#8221;visible&#8221; overlay_strength=&#8221;0.3&#8243; gradient_direction=&#8221;left_to_right&#8221; shape_divider_position=&#8221;bottom&#8221; bg_image_animation=&#8221;none&#8221; shape_type=&#8221;&#8221; gradient_type=&#8221;default&#8221;][vc_column column_padding=&#8221;padding-5-percent&#8221; column_padding_tablet=&#8221;inherit&#8221; column_padding_phone=&#8221;inherit&#8221; column_padding_position=&#8221;all&#8221; column_element_direction_desktop=&#8221;default&#8221; column_element_spacing=&#8221;default&#8221; desktop_text_alignment=&#8221;default&#8221; tablet_text_alignment=&#8221;default&#8221;...","og_url":"https:\/\/ourivesdecompostela.gal\/en\/camarinas-aposta-pola-artesania-con-ourives-de-compostela\/","og_site_name":"Ourives de Compostela","article_published_time":"2022-09-18T22:28:46+00:00","article_modified_time":"2023-11-15T10:21:39+00:00","og_image":[{"width":900,"height":506,"url":"https:\/\/ourivesdecompostela.gal\/wp-content\/uploads\/2022\/09\/ourives-camarinas-artesania.jpg","type":"image\/jpeg"}],"author":"Mochi Maceira","twitter_card":"summary_large_image","twitter_misc":{"Written by":"Mochi Maceira","Est. reading time":"7 minutes"},"schema":{"@context":"https:\/\/schema.org","@graph":[{"@type":"WebPage","@id":"https:\/\/ourivesdecompostela.gal\/en\/camarinas-aposta-pola-artesania-con-ourives-de-compostela\/","url":"https:\/\/ourivesdecompostela.gal\/en\/camarinas-aposta-pola-artesania-con-ourives-de-compostela\/","name":"Camari\u00f1as aposta pola artesan\u00eda con Ourives de Compostela - Ourives de Compostela","isPartOf":{"@id":"https:\/\/ourivesdecompostela.gal\/en\/#website"},"primaryImageOfPage":{"@id":"https:\/\/ourivesdecompostela.gal\/en\/camarinas-aposta-pola-artesania-con-ourives-de-compostela\/#primaryimage"},"image":{"@id":"https:\/\/ourivesdecompostela.gal\/en\/camarinas-aposta-pola-artesania-con-ourives-de-compostela\/#primaryimage"},"thumbnailUrl":"https:\/\/ourivesdecompostela.gal\/wp-content\/uploads\/2022\/09\/ourives-camarinas-artesania.jpg","datePublished":"2022-09-18T22:28:46+00:00","dateModified":"2023-11-15T10:21:39+00:00","author":{"@id":"https:\/\/ourivesdecompostela.gal\/en\/#\/schema\/person\/c67a7da9e3a4a11a3d4b1aee378ee82d"},"breadcrumb":{"@id":"https:\/\/ourivesdecompostela.gal\/en\/camarinas-aposta-pola-artesania-con-ourives-de-compostela\/#breadcrumb"},"inLanguage":"en-US","potentialAction":[{"@type":"ReadAction","target":["https:\/\/ourivesdecompostela.gal\/en\/camarinas-aposta-pola-artesania-con-ourives-de-compostela\/"]}]},{"@type":"ImageObject","inLanguage":"en-US","@id":"https:\/\/ourivesdecompostela.gal\/en\/camarinas-aposta-pola-artesania-con-ourives-de-compostela\/#primaryimage","url":"https:\/\/ourivesdecompostela.gal\/wp-content\/uploads\/2022\/09\/ourives-camarinas-artesania.jpg","contentUrl":"https:\/\/ourivesdecompostela.gal\/wp-content\/uploads\/2022\/09\/ourives-camarinas-artesania.jpg","width":900,"height":506},{"@type":"BreadcrumbList","@id":"https:\/\/ourivesdecompostela.gal\/en\/camarinas-aposta-pola-artesania-con-ourives-de-compostela\/#breadcrumb","itemListElement":[{"@type":"ListItem","position":1,"name":"Portada","item":"https:\/\/ourivesdecompostela.gal\/en\/"},{"@type":"ListItem","position":2,"name":"Camari\u00f1as aposta pola artesan\u00eda con Ourives de Compostela"}]},{"@type":"WebSite","@id":"https:\/\/ourivesdecompostela.gal\/en\/#website","url":"https:\/\/ourivesdecompostela.gal\/en\/","name":"Ourives de Compostela","description":"Aut\u00e9ntica Ouriver\u00eda Ancestral de Santiago","potentialAction":[{"@type":"SearchAction","target":{"@type":"EntryPoint","urlTemplate":"https:\/\/ourivesdecompostela.gal\/en\/?s={search_term_string}"},"query-input":{"@type":"PropertyValueSpecification","valueRequired":true,"valueName":"search_term_string"}}],"inLanguage":"en-US"},{"@type":"Person","@id":"https:\/\/ourivesdecompostela.gal\/en\/#\/schema\/person\/c67a7da9e3a4a11a3d4b1aee378ee82d","name":"Mochi Maceira","image":{"@type":"ImageObject","inLanguage":"en-US","@id":"https:\/\/ourivesdecompostela.gal\/en\/#\/schema\/person\/image\/","url":"https:\/\/secure.gravatar.com\/avatar\/c60d5cbac116fe4952bdf0524b1797960c19ae3358e010b61084f20b28af63fc?s=96&d=mm&r=g","contentUrl":"https:\/\/secure.gravatar.com\/avatar\/c60d5cbac116fe4952bdf0524b1797960c19ae3358e010b61084f20b28af63fc?s=96&d=mm&r=g","caption":"Mochi Maceira"},"url":"https:\/\/ourivesdecompostela.gal\/en\/author\/mantenimiento\/"}]}},"_links":{"self":[{"href":"https:\/\/ourivesdecompostela.gal\/en\/wp-json\/wp\/v2\/posts\/2484","targetHints":{"allow":["GET"]}}],"collection":[{"href":"https:\/\/ourivesdecompostela.gal\/en\/wp-json\/wp\/v2\/posts"}],"about":[{"href":"https:\/\/ourivesdecompostela.gal\/en\/wp-json\/wp\/v2\/types\/post"}],"author":[{"embeddable":true,"href":"https:\/\/ourivesdecompostela.gal\/en\/wp-json\/wp\/v2\/users\/2"}],"replies":[{"embeddable":true,"href":"https:\/\/ourivesdecompostela.gal\/en\/wp-json\/wp\/v2\/comments?post=2484"}],"version-history":[{"count":1,"href":"https:\/\/ourivesdecompostela.gal\/en\/wp-json\/wp\/v2\/posts\/2484\/revisions"}],"predecessor-version":[{"id":2490,"href":"https:\/\/ourivesdecompostela.gal\/en\/wp-json\/wp\/v2\/posts\/2484\/revisions\/2490"}],"wp:featuredmedia":[{"embeddable":true,"href":"https:\/\/ourivesdecompostela.gal\/en\/wp-json\/wp\/v2\/media\/2486"}],"wp:attachment":[{"href":"https:\/\/ourivesdecompostela.gal\/en\/wp-json\/wp\/v2\/media?parent=2484"}],"wp:term":[{"taxonomy":"category","embeddable":true,"href":"https:\/\/ourivesdecompostela.gal\/en\/wp-json\/wp\/v2\/categories?post=2484"},{"taxonomy":"post_tag","embeddable":true,"href":"https:\/\/ourivesdecompostela.gal\/en\/wp-json\/wp\/v2\/tags?post=2484"}],"curies":[{"name":"wp","href":"https:\/\/api.w.org\/{rel}","templated":true}]}}