{"id":2495,"date":"2022-07-26T00:45:43","date_gmt":"2022-07-25T22:45:43","guid":{"rendered":"https:\/\/ourivesdecompostela.gal\/a-exposicion-o-esplendor-do-camino-e-noticia\/"},"modified":"2023-11-15T11:22:43","modified_gmt":"2023-11-15T10:22:43","slug":"a-exposicion-o-esplendor-do-camino-e-noticia","status":"publish","type":"post","link":"https:\/\/ourivesdecompostela.gal\/es\/a-exposicion-o-esplendor-do-camino-e-noticia\/","title":{"rendered":"A exposici\u00f3n O esplendor do Cami\u00f1o \u00e9 noticia"},"content":{"rendered":"[vc_row type=\u00bbin_container\u00bb full_screen_row_position=\u00bbmiddle\u00bb column_margin=\u00bbdefault\u00bb equal_height=\u00bbyes\u00bb content_placement=\u00bbmiddle\u00bb column_direction=\u00bbdefault\u00bb column_direction_tablet=\u00bbdefault\u00bb column_direction_phone=\u00bbdefault\u00bb bg_color=\u00bb#ffffff\u00bb scene_position=\u00bbcenter\u00bb text_color=\u00bbdark\u00bb text_align=\u00bbleft\u00bb row_border_radius=\u00bbnone\u00bb row_border_radius_applies=\u00bbbg\u00bb overflow=\u00bbvisible\u00bb overlay_strength=\u00bb0.3&#8243; gradient_direction=\u00bbleft_to_right\u00bb shape_divider_position=\u00bbbottom\u00bb bg_image_animation=\u00bbnone\u00bb shape_type=\u00bb\u00bb][vc_column column_padding=\u00bbpadding-5-percent\u00bb column_padding_tablet=\u00bbinherit\u00bb column_padding_phone=\u00bbinherit\u00bb column_padding_position=\u00bball\u00bb column_element_direction_desktop=\u00bbdefault\u00bb column_element_spacing=\u00bbdefault\u00bb desktop_text_alignment=\u00bbdefault\u00bb tablet_text_alignment=\u00bbdefault\u00bb phone_text_alignment=\u00bbdefault\u00bb background_color_opacity=\u00bb1&#8243; background_hover_color_opacity=\u00bb1&#8243; column_backdrop_filter=\u00bbnone\u00bb column_shadow=\u00bbnone\u00bb column_border_radius=\u00bbnone\u00bb column_link_target=\u00bb_self\u00bb column_position=\u00bbdefault\u00bb gradient_direction=\u00bbleft_to_right\u00bb overlay_strength=\u00bb0.3&#8243; width=\u00bb1\/1&#8243; tablet_width_inherit=\u00bbdefault\u00bb animation_type=\u00bbdefault\u00bb bg_image_animation=\u00bbnone\u00bb border_type=\u00bbsimple\u00bb column_border_width=\u00bbnone\u00bb column_border_style=\u00bbsolid\u00bb][vc_row_inner equal_height=\u00bbyes\u00bb content_placement=\u00bbmiddle\u00bb column_margin=\u00bb30px\u00bb column_direction=\u00bbdefault\u00bb column_direction_tablet=\u00bbdefault\u00bb column_direction_phone=\u00bbdefault\u00bb constrain_group_2=\u00bbyes\u00bb text_align=\u00bbleft\u00bb row_position=\u00bbdefault\u00bb row_position_tablet=\u00bbinherit\u00bb row_position_phone=\u00bbinherit\u00bb overflow=\u00bbvisible\u00bb pointer_events=\u00bball\u00bb][vc_column_inner column_padding=\u00bbpadding-2-percent\u00bb column_padding_tablet=\u00bbinherit\u00bb column_padding_phone=\u00bbinherit\u00bb column_padding_position=\u00bbright\u00bb column_element_direction_desktop=\u00bbdefault\u00bb column_element_spacing=\u00bbdefault\u00bb desktop_text_alignment=\u00bbdefault\u00bb tablet_text_alignment=\u00bbdefault\u00bb phone_text_alignment=\u00bbdefault\u00bb background_color_opacity=\u00bb1&#8243; background_hover_color_opacity=\u00bb1&#8243; column_backdrop_filter=\u00bbnone\u00bb font_color=\u00bb#212121&#8243; column_shadow=\u00bbnone\u00bb column_border_radius=\u00bbnone\u00bb column_link_target=\u00bb_self\u00bb overflow=\u00bbvisible\u00bb gradient_direction=\u00bbleft_to_right\u00bb overlay_strength=\u00bb0.3&#8243; width=\u00bb1\/1&#8243; tablet_width_inherit=\u00bbdefault\u00bb animation_type=\u00bbdefault\u00bb bg_image_animation=\u00bbnone\u00bb border_type=\u00bbsimple\u00bb column_border_width=\u00bbnone\u00bb column_border_style=\u00bbsolid\u00bb][vc_custom_heading text=\u00bbO representante da Xunta de Galicia explicou que as preto de 100 pezas que compo\u00f1en a mostra do Pazo de Fonseca contrib\u00faen a analizar a influencia do Xacobeo e das tendencias que chegaban polo Cami\u00f1o de Santiago.\u00bb font_container=\u00bbtag:h3|text_align:center|color:rgba(10%2C10%2C10%2C0.6)\u00bb use_theme_fonts=\u00bbyes\u00bb][\/vc_column_inner][\/vc_row_inner][vc_row_inner equal_height=\u00bbyes\u00bb content_placement=\u00bbbottom\u00bb column_margin=\u00bb40px\u00bb column_direction=\u00bbdefault\u00bb column_direction_tablet=\u00bbdefault\u00bb column_direction_phone=\u00bbdefault\u00bb top_padding=\u00bb3%\u00bb bottom_padding=\u00bb3%\u00bb constrain_group_2=\u00bbyes\u00bb text_align=\u00bbleft\u00bb row_position=\u00bbdefault\u00bb row_position_tablet=\u00bbinherit\u00bb row_position_phone=\u00bbinherit\u00bb overflow=\u00bbvisible\u00bb pointer_events=\u00bball\u00bb][vc_column_inner column_padding=\u00bbno-extra-padding\u00bb column_padding_tablet=\u00bbinherit\u00bb column_padding_phone=\u00bbinherit\u00bb column_padding_position=\u00bball\u00bb column_element_direction_desktop=\u00bbdefault\u00bb column_element_spacing=\u00bbdefault\u00bb desktop_text_alignment=\u00bbdefault\u00bb tablet_text_alignment=\u00bbdefault\u00bb phone_text_alignment=\u00bbdefault\u00bb background_color_opacity=\u00bb1&#8243; background_hover_color_opacity=\u00bb1&#8243; column_backdrop_filter=\u00bbnone\u00bb column_shadow=\u00bbnone\u00bb column_border_radius=\u00bbnone\u00bb column_link_target=\u00bb_self\u00bb overflow=\u00bbvisible\u00bb gradient_direction=\u00bbleft_to_right\u00bb overlay_strength=\u00bb0.3&#8243; width=\u00bb1\/3&#8243; tablet_width_inherit=\u00bbdefault\u00bb animation_type=\u00bbdefault\u00bb bg_image_animation=\u00bbnone\u00bb border_type=\u00bbsimple\u00bb column_border_width=\u00bbnone\u00bb column_border_style=\u00bbsolid\u00bb][image_with_animation image_url=\u00bb1625&#8243; image_size=\u00bbfull\u00bb animation_type=\u00bbentrance\u00bb animation=\u00bbFade In\u00bb animation_easing=\u00bbdefault\u00bb animation_movement_type=\u00bbtransform_y\u00bb hover_animation=\u00bbzoom-crop\u00bb alignment=\u00bb\u00bb img_link_target=\u00bb_blank\u00bb border_radius=\u00bbnone\u00bb box_shadow=\u00bbnone\u00bb image_loading=\u00bbdefault\u00bb max_width=\u00bb100%\u00bb max_width_mobile=\u00bbdefault\u00bb img_link=\u00bbhttps:\/\/www.xunta.gal\/notas-de-prensa\/-\/nova\/71112\/valentin-garcia-refiere-orfebreria-como-uno-los-capitulos-fundamentales-expresion?langId=es_ES\u00bb][vc_custom_heading text=\u00bbXunta, Noticias |Santiago de Compostela, 19 de julio de 2022&#8243; font_container=\u00bbtag:p|font_size:14|text_align:left\u00bb use_theme_fonts=\u00bbyes\u00bb][nectar_cta btn_style=\u00bbsee-through\u00bb heading_tag=\u00bbspan\u00bb button_color=\u00bbdefault\u00bb text_color=\u00bb#212121&#8243; button_border_thickness=\u00bb0px\u00bb link_type=\u00bbnew_tab\u00bb alignment=\u00bbleft\u00bb alignment_tablet=\u00bbdefault\u00bb alignment_phone=\u00bbdefault\u00bb display=\u00bbblock\u00bb display_tablet=\u00bbinherit\u00bb display_phone=\u00bbinherit\u00bb text=\u00bbNoticia Completa\u00bb url=\u00bb#noticias\u00bb][\/vc_column_inner][vc_column_inner column_padding=\u00bbno-extra-padding\u00bb column_padding_tablet=\u00bbinherit\u00bb column_padding_phone=\u00bbinherit\u00bb column_padding_position=\u00bball\u00bb column_element_direction_desktop=\u00bbdefault\u00bb column_element_spacing=\u00bbdefault\u00bb desktop_text_alignment=\u00bbdefault\u00bb tablet_text_alignment=\u00bbdefault\u00bb phone_text_alignment=\u00bbdefault\u00bb background_color_opacity=\u00bb1&#8243; background_hover_color_opacity=\u00bb1&#8243; column_backdrop_filter=\u00bbnone\u00bb column_shadow=\u00bbnone\u00bb column_border_radius=\u00bbnone\u00bb column_link_target=\u00bb_self\u00bb overflow=\u00bbvisible\u00bb gradient_direction=\u00bbleft_to_right\u00bb overlay_strength=\u00bb0.3&#8243; width=\u00bb2\/3&#8243; tablet_width_inherit=\u00bbdefault\u00bb animation_type=\u00bbdefault\u00bb bg_image_animation=\u00bbnone\u00bb border_type=\u00bbsimple\u00bb column_border_width=\u00bbnone\u00bb column_border_style=\u00bbsolid\u00bb][nectar_animated_title heading_tag=\u00bbh3&#8243; style=\u00bbcolor-strip-reveal\u00bb color=\u00bbExtra-Color-3&#8243; text=\u00bbValent\u00edn Garc\u00eda ref\u00edrese \u00e1 ourivar\u00eda como un dos cap\u00edtulos fundamentais da expresi\u00f3n art\u00edstica e relixiosa de Galicia.\u00bb][vc_custom_heading text=\u00bbO secretario xeral de Pol\u00edtica Ling\u00fc\u00edstica, Valent\u00edn Garc\u00eda, participou na inauguraci\u00f3n da exposici\u00f3n O esplendor do cami\u00f1o. Oito s\u00e9culos de prater\u00eda e acibeches en Compostela, de Ourives de Compostela, onde se referiu a estas t\u00e9cnicas como un dos cap\u00edtulos fundamentais da expresi\u00f3n art\u00edstica e relixiosa de Galicia e agradeceu o labor feito polos organizadores para trazar \u201cunha ampla cronolox\u00eda dos traballos con prata e acibeche que se deron en Galicia\u201d.\u00bb font_container=\u00bbtag:p|text_align:left|color:rgba(10%2C10%2C10%2C0.6)\u00bb use_theme_fonts=\u00bbyes\u00bb][\/vc_column_inner][\/vc_row_inner][vc_row_inner disable_element=\u00bbyes\u00bb column_margin=\u00bbdefault\u00bb column_direction=\u00bbdefault\u00bb column_direction_tablet=\u00bbdefault\u00bb column_direction_phone=\u00bbdefault\u00bb text_align=\u00bbleft\u00bb row_position=\u00bbdefault\u00bb row_position_tablet=\u00bbinherit\u00bb row_position_phone=\u00bbinherit\u00bb overflow=\u00bbvisible\u00bb pointer_events=\u00bball\u00bb][vc_column_inner column_padding=\u00bbno-extra-padding\u00bb column_padding_tablet=\u00bbinherit\u00bb column_padding_phone=\u00bbinherit\u00bb column_padding_position=\u00bball\u00bb column_element_direction_desktop=\u00bbdefault\u00bb column_element_spacing=\u00bbdefault\u00bb desktop_text_alignment=\u00bbdefault\u00bb tablet_text_alignment=\u00bbdefault\u00bb phone_text_alignment=\u00bbdefault\u00bb background_color_opacity=\u00bb1&#8243; background_hover_color_opacity=\u00bb1&#8243; column_backdrop_filter=\u00bbnone\u00bb column_shadow=\u00bbnone\u00bb column_border_radius=\u00bbnone\u00bb column_link_target=\u00bb_self\u00bb overflow=\u00bbvisible\u00bb gradient_direction=\u00bbleft_to_right\u00bb overlay_strength=\u00bb0.3&#8243; width=\u00bb1\/1&#8243; tablet_width_inherit=\u00bbdefault\u00bb animation_type=\u00bbdefault\u00bb bg_image_animation=\u00bbnone\u00bb border_type=\u00bbsimple\u00bb column_border_width=\u00bbnone\u00bb column_border_style=\u00bbsolid\u00bb][vc_column_text]\n<h4>A mostra exp\u00f3n ao p\u00fablico ao redor de cen pezas de entre os s\u00e9culos XIII e XX elaboradas en prata e acibeche, cedidas por instituci\u00f3ns e artes\u00e1ns privados. A mostra, promovida por Ourives de Compostela e a USC, pretende aproximar a realidade que supuxo e mant\u00e9n a actividade dos gremios da prata e o acibeche na cidade de Santiago, dos m\u00e1is antigos e importantes de Galicia.<\/h4>\n[\/vc_column_text][\/vc_column_inner][\/vc_row_inner][\/vc_column][\/vc_row][vc_row type=\u00bbin_container\u00bb full_screen_row_position=\u00bbmiddle\u00bb column_margin=\u00bbdefault\u00bb equal_height=\u00bbyes\u00bb content_placement=\u00bbmiddle\u00bb column_direction=\u00bbdefault\u00bb column_direction_tablet=\u00bbdefault\u00bb column_direction_phone=\u00bbdefault\u00bb bg_color=\u00bb#ffffff\u00bb scene_position=\u00bbcenter\u00bb text_color=\u00bbdark\u00bb text_align=\u00bbleft\u00bb row_border_radius=\u00bbnone\u00bb row_border_radius_applies=\u00bbbg\u00bb overflow=\u00bbvisible\u00bb overlay_strength=\u00bb0.3&#8243; gradient_direction=\u00bbleft_to_right\u00bb shape_divider_position=\u00bbbottom\u00bb bg_image_animation=\u00bbnone\u00bb shape_type=\u00bb\u00bb][vc_column column_padding=\u00bbpadding-5-percent\u00bb column_padding_tablet=\u00bbinherit\u00bb column_padding_phone=\u00bbinherit\u00bb column_padding_position=\u00bball\u00bb column_element_direction_desktop=\u00bbdefault\u00bb column_element_spacing=\u00bbdefault\u00bb desktop_text_alignment=\u00bbdefault\u00bb tablet_text_alignment=\u00bbdefault\u00bb phone_text_alignment=\u00bbdefault\u00bb background_color_opacity=\u00bb1&#8243; background_hover_color_opacity=\u00bb1&#8243; column_backdrop_filter=\u00bbnone\u00bb column_shadow=\u00bbnone\u00bb column_border_radius=\u00bbnone\u00bb column_link_target=\u00bb_self\u00bb column_position=\u00bbdefault\u00bb gradient_direction=\u00bbleft_to_right\u00bb overlay_strength=\u00bb0.3&#8243; width=\u00bb1\/1&#8243; tablet_width_inherit=\u00bbdefault\u00bb animation_type=\u00bbdefault\u00bb bg_image_animation=\u00bbnone\u00bb border_type=\u00bbsimple\u00bb column_border_width=\u00bbnone\u00bb column_border_style=\u00bbsolid\u00bb][vc_row_inner equal_height=\u00bbyes\u00bb column_margin=\u00bb40px\u00bb column_direction=\u00bbdefault\u00bb column_direction_tablet=\u00bbdefault\u00bb column_direction_phone=\u00bbdefault\u00bb top_padding=\u00bb3%\u00bb bottom_padding=\u00bb3%\u00bb constrain_group_2=\u00bbyes\u00bb text_align=\u00bbleft\u00bb row_position=\u00bbdefault\u00bb row_position_tablet=\u00bbinherit\u00bb row_position_phone=\u00bbinherit\u00bb overflow=\u00bbvisible\u00bb pointer_events=\u00bball\u00bb][vc_column_inner column_padding=\u00bbno-extra-padding\u00bb column_padding_tablet=\u00bbinherit\u00bb column_padding_phone=\u00bbinherit\u00bb column_padding_position=\u00bball\u00bb column_element_direction_desktop=\u00bbdefault\u00bb column_element_spacing=\u00bbdefault\u00bb desktop_text_alignment=\u00bbdefault\u00bb tablet_text_alignment=\u00bbdefault\u00bb phone_text_alignment=\u00bbdefault\u00bb background_color_opacity=\u00bb1&#8243; background_hover_color_opacity=\u00bb1&#8243; column_backdrop_filter=\u00bbnone\u00bb column_shadow=\u00bbnone\u00bb column_border_radius=\u00bbnone\u00bb column_link_target=\u00bb_self\u00bb overflow=\u00bbvisible\u00bb gradient_direction=\u00bbleft_to_right\u00bb overlay_strength=\u00bb0.3&#8243; width=\u00bb1\/1&#8243; tablet_width_inherit=\u00bbdefault\u00bb animation_type=\u00bbdefault\u00bb bg_image_animation=\u00bbnone\u00bb border_type=\u00bbsimple\u00bb column_border_width=\u00bbnone\u00bb column_border_style=\u00bbsolid\u00bb][vc_column_text]\n<h3 style=\"text-align: center;\">Na exposici\u00f3n \u2018O esplendor do Cami\u00f1o, oito s\u00e9culos de prater\u00eda e azabacher\u00eda en Compostela\u2019, tam\u00e9n figura o Deportivo.<\/h3>\n[\/vc_column_text][\/vc_column_inner][\/vc_row_inner][vc_row_inner equal_height=\u00bbyes\u00bb column_margin=\u00bb40px\u00bb column_direction=\u00bbdefault\u00bb column_direction_tablet=\u00bbdefault\u00bb column_direction_phone=\u00bbdefault\u00bb top_padding=\u00bb3%\u00bb bottom_padding=\u00bb3%\u00bb constrain_group_2=\u00bbyes\u00bb text_align=\u00bbleft\u00bb row_position=\u00bbdefault\u00bb row_position_tablet=\u00bbinherit\u00bb row_position_phone=\u00bbinherit\u00bb overflow=\u00bbvisible\u00bb pointer_events=\u00bball\u00bb][vc_column_inner column_padding=\u00bbno-extra-padding\u00bb column_padding_tablet=\u00bbinherit\u00bb column_padding_phone=\u00bbinherit\u00bb column_padding_position=\u00bball\u00bb column_element_direction_desktop=\u00bbdefault\u00bb column_element_spacing=\u00bbdefault\u00bb desktop_text_alignment=\u00bbdefault\u00bb tablet_text_alignment=\u00bbdefault\u00bb phone_text_alignment=\u00bbdefault\u00bb background_color_opacity=\u00bb1&#8243; background_hover_color_opacity=\u00bb1&#8243; column_backdrop_filter=\u00bbnone\u00bb column_shadow=\u00bbnone\u00bb column_border_radius=\u00bbnone\u00bb column_link_target=\u00bb_self\u00bb overflow=\u00bbvisible\u00bb gradient_direction=\u00bbleft_to_right\u00bb overlay_strength=\u00bb0.3&#8243; width=\u00bb1\/2&#8243; tablet_width_inherit=\u00bbdefault\u00bb animation_type=\u00bbdefault\u00bb bg_image_animation=\u00bbnone\u00bb border_type=\u00bbsimple\u00bb column_border_width=\u00bbnone\u00bb column_border_style=\u00bbsolid\u00bb][image_with_animation image_url=\u00bb1622&#8243; image_size=\u00bbfull\u00bb animation_type=\u00bbentrance\u00bb animation=\u00bbFade In\u00bb animation_easing=\u00bbdefault\u00bb animation_movement_type=\u00bbtransform_y\u00bb hover_animation=\u00bbzoom-crop\u00bb alignment=\u00bb\u00bb img_link_target=\u00bb_blank\u00bb border_radius=\u00bbnone\u00bb box_shadow=\u00bbnone\u00bb image_loading=\u00bbdefault\u00bb max_width=\u00bb100%\u00bb max_width_mobile=\u00bbdefault\u00bb img_link=\u00bbhttps:\/\/www.dxtcampeon.com\/articulo\/depor\/esplendor-camino-incluye-trofeos-teresa-herrera-3833256&#8243;][vc_custom_heading text=\u00bbXoves, 21 Xullo 2022, DTX Campe\u00f3n\u00bb font_container=\u00bbtag:p|font_size:14|text_align:left\u00bb use_theme_fonts=\u00bbyes\u00bb][nectar_cta btn_style=\u00bbsee-through\u00bb heading_tag=\u00bbspan\u00bb button_color=\u00bbdefault\u00bb text_color=\u00bb#212121&#8243; button_border_thickness=\u00bb0px\u00bb link_type=\u00bbnew_tab\u00bb alignment=\u00bbleft\u00bb alignment_tablet=\u00bbdefault\u00bb alignment_phone=\u00bbdefault\u00bb display=\u00bbblock\u00bb display_tablet=\u00bbinherit\u00bb display_phone=\u00bbinherit\u00bb text=\u00bbNoticia Completa\u00bb url=\u00bb#noticias\u00bb][\/vc_column_inner][vc_column_inner column_padding=\u00bbno-extra-padding\u00bb column_padding_tablet=\u00bbinherit\u00bb column_padding_phone=\u00bbinherit\u00bb column_padding_position=\u00bball\u00bb column_element_direction_desktop=\u00bbdefault\u00bb column_element_spacing=\u00bbdefault\u00bb desktop_text_alignment=\u00bbdefault\u00bb tablet_text_alignment=\u00bbdefault\u00bb phone_text_alignment=\u00bbdefault\u00bb background_color_opacity=\u00bb1&#8243; background_hover_color_opacity=\u00bb1&#8243; column_backdrop_filter=\u00bbnone\u00bb column_shadow=\u00bbnone\u00bb column_border_radius=\u00bbnone\u00bb column_link_target=\u00bb_self\u00bb overflow=\u00bbvisible\u00bb gradient_direction=\u00bbleft_to_right\u00bb overlay_strength=\u00bb0.3&#8243; width=\u00bb1\/2&#8243; tablet_width_inherit=\u00bbdefault\u00bb animation_type=\u00bbdefault\u00bb bg_image_animation=\u00bbnone\u00bb border_type=\u00bbsimple\u00bb column_border_width=\u00bbnone\u00bb column_border_style=\u00bbsolid\u00bb][nectar_animated_title heading_tag=\u00bbh3&#8243; style=\u00bbcolor-strip-reveal\u00bb color=\u00bbExtra-Color-3&#8243; text=\u00bb\u2018O esplendor do Cami\u00f1o\u2019 incl\u00fae un dos trofeos Teresa Herrera\u00bb][nectar_highlighted_text color_type=\u00bbregular\u00bb highlight_color=\u00bb#e5e5e5&#8243; text_color=\u00bbrgba(10,10,10,0.6)\u00bb style=\u00bbfull_text\u00bb highlight_expansion=\u00bbdefault\u00bb]\n<h5>O secretario, non conselleiro, do Consello de Administraci\u00f3n do Deportivo, Miguel Juane, acudiu \u00e1 inauguraci\u00f3n da mostra en calidade de representante do centenario club herculino.<\/h5>\n[\/nectar_highlighted_text][nectar_highlighted_text color_type=\u00bbregular\u00bb highlight_color=\u00bb#e5e5e5&#8243; text_color=\u00bbrgba(10,10,10,0.6)\u00bb style=\u00bbfull_text\u00bb highlight_expansion=\u00bbdefault\u00bb]\n<h5>O Deportivo e a cidade da Coru\u00f1a est\u00e1n representadas na exposici\u00f3n grazas \u00e1 cesi\u00f3n, por parte do conxunto deportivista, dun dos Trofeos Teresa Herrera conquistados polo equipo e tallados pola extinta Xoier\u00eda Malde da Coru\u00f1a. A s\u00faa presenza nesta exposici\u00f3n, xunto a xoias de prata vinculadas ao Cami\u00f1o de Santiago e ao traballo realizado na cidade de Prater\u00edas ao longo da historia, demostra o valor cultural que ten o trofeo, ademais do valor simb\u00f3lico de ser o trofeo amigable en xogo m\u00e1is antigo do f\u00fatbol mundial.<\/h5>\n[\/nectar_highlighted_text][\/vc_column_inner][\/vc_row_inner][\/vc_column][\/vc_row][vc_row type=\u00bbin_container\u00bb full_screen_row_position=\u00bbmiddle\u00bb column_margin=\u00bbdefault\u00bb column_direction=\u00bbdefault\u00bb column_direction_tablet=\u00bbdefault\u00bb column_direction_phone=\u00bbdefault\u00bb scene_position=\u00bbcenter\u00bb text_color=\u00bbdark\u00bb text_align=\u00bbleft\u00bb row_border_radius=\u00bbnone\u00bb row_border_radius_applies=\u00bbbg\u00bb overflow=\u00bbvisible\u00bb overlay_strength=\u00bb0.3&#8243; gradient_direction=\u00bbleft_to_right\u00bb shape_divider_position=\u00bbbottom\u00bb bg_image_animation=\u00bbnone\u00bb][vc_column column_padding=\u00bbno-extra-padding\u00bb column_padding_tablet=\u00bbinherit\u00bb column_padding_phone=\u00bbinherit\u00bb column_padding_position=\u00bball\u00bb column_element_direction_desktop=\u00bbdefault\u00bb column_element_spacing=\u00bbdefault\u00bb desktop_text_alignment=\u00bbdefault\u00bb tablet_text_alignment=\u00bbdefault\u00bb phone_text_alignment=\u00bbdefault\u00bb background_color_opacity=\u00bb1&#8243; background_hover_color_opacity=\u00bb1&#8243; column_backdrop_filter=\u00bbnone\u00bb column_shadow=\u00bbnone\u00bb column_border_radius=\u00bbnone\u00bb column_link_target=\u00bb_self\u00bb column_position=\u00bbdefault\u00bb gradient_direction=\u00bbleft_to_right\u00bb overlay_strength=\u00bb0.3&#8243; width=\u00bb1\/1&#8243; tablet_width_inherit=\u00bbdefault\u00bb animation_type=\u00bbdefault\u00bb bg_image_animation=\u00bbnone\u00bb border_type=\u00bbsimple\u00bb column_border_width=\u00bbnone\u00bb column_border_style=\u00bbsolid\u00bb][divider line_type=\u00bbNo Line\u00bb custom_height=\u00bb20px\u00bb][\/vc_column][\/vc_row][vc_row type=\u00bbfull_width_background\u00bb full_screen_row_position=\u00bbmiddle\u00bb column_margin=\u00bbdefault\u00bb equal_height=\u00bbyes\u00bb content_placement=\u00bbbottom\u00bb column_direction=\u00bbdefault\u00bb column_direction_tablet=\u00bbdefault\u00bb column_direction_phone=\u00bbdefault\u00bb bg_color=\u00bb#e5e5e5&#8243; scene_position=\u00bbcenter\u00bb constrain_group_1=\u00bbyes\u00bb text_color=\u00bbdark\u00bb text_align=\u00bbleft\u00bb row_border_radius=\u00bbnone\u00bb row_border_radius_applies=\u00bbbg\u00bb overflow=\u00bbvisible\u00bb id=\u00bbnoticias\u00bb overlay_strength=\u00bb0.8&#8243; gradient_direction=\u00bbleft_to_right\u00bb shape_divider_position=\u00bbbottom\u00bb bg_image_animation=\u00bbnone\u00bb shape_type=\u00bb\u00bb][vc_column column_padding=\u00bbpadding-7-percent\u00bb column_padding_tablet=\u00bbinherit\u00bb column_padding_phone=\u00bbinherit\u00bb column_padding_position=\u00bbtop-bottom\u00bb constrain_group_1=\u00bbyes\u00bb column_element_direction_desktop=\u00bbdefault\u00bb column_element_spacing=\u00bbdefault\u00bb desktop_text_alignment=\u00bbdefault\u00bb tablet_text_alignment=\u00bbdefault\u00bb phone_text_alignment=\u00bbdefault\u00bb background_color_opacity=\u00bb1&#8243; background_hover_color_opacity=\u00bb1&#8243; column_backdrop_filter=\u00bbnone\u00bb column_shadow=\u00bbnone\u00bb column_border_radius=\u00bbnone\u00bb column_link_target=\u00bb_self\u00bb column_position=\u00bbdefault\u00bb gradient_direction=\u00bbleft_to_right\u00bb overlay_strength=\u00bb0.3&#8243; width=\u00bb1\/1&#8243; tablet_width_inherit=\u00bbdefault\u00bb animation_type=\u00bbdefault\u00bb bg_image_animation=\u00bbnone\u00bb border_type=\u00bbsimple\u00bb column_border_width=\u00bbnone\u00bb column_border_style=\u00bbsolid\u00bb][vc_row_inner column_margin=\u00bbdefault\u00bb column_direction=\u00bbdefault\u00bb column_direction_tablet=\u00bbdefault\u00bb column_direction_phone=\u00bbdefault\u00bb text_align=\u00bbleft\u00bb row_position=\u00bbdefault\u00bb row_position_tablet=\u00bbinherit\u00bb row_position_phone=\u00bbinherit\u00bb overflow=\u00bbvisible\u00bb pointer_events=\u00bball\u00bb][vc_column_inner column_padding=\u00bbno-extra-padding\u00bb column_padding_tablet=\u00bbinherit\u00bb column_padding_phone=\u00bbinherit\u00bb column_padding_position=\u00bball\u00bb column_element_direction_desktop=\u00bbdefault\u00bb column_element_spacing=\u00bbdefault\u00bb desktop_text_alignment=\u00bbdefault\u00bb tablet_text_alignment=\u00bbdefault\u00bb phone_text_alignment=\u00bbdefault\u00bb background_color_opacity=\u00bb1&#8243; background_hover_color_opacity=\u00bb1&#8243; column_backdrop_filter=\u00bbnone\u00bb column_shadow=\u00bbnone\u00bb column_border_radius=\u00bbnone\u00bb column_link_target=\u00bb_self\u00bb overflow=\u00bbvisible\u00bb gradient_direction=\u00bbleft_to_right\u00bb overlay_strength=\u00bb0.3&#8243; width=\u00bb1\/1&#8243; tablet_width_inherit=\u00bbdefault\u00bb animation_type=\u00bbdefault\u00bb bg_image_animation=\u00bbnone\u00bb border_type=\u00bbsimple\u00bb column_border_width=\u00bbnone\u00bb column_border_style=\u00bbsolid\u00bb][vc_custom_heading text=\u00bbNOTICIA NOS MEDIOS\u00bb font_container=\u00bbtag:h5|text_align:left\u00bb use_theme_fonts=\u00bbyes\u00bb][divider line_type=\u00bbNo Line\u00bb][\/vc_column_inner][\/vc_row_inner][vc_row_inner equal_height=\u00bbyes\u00bb content_placement=\u00bbbottom\u00bb column_margin=\u00bbdefault\u00bb column_direction=\u00bbdefault\u00bb column_direction_tablet=\u00bbdefault\u00bb column_direction_phone=\u00bbdefault\u00bb text_align=\u00bbleft\u00bb row_position=\u00bbdefault\u00bb row_position_tablet=\u00bbinherit\u00bb row_position_phone=\u00bbinherit\u00bb overflow=\u00bbvisible\u00bb pointer_events=\u00bball\u00bb][vc_column_inner column_padding=\u00bbpadding-2-percent\u00bb column_padding_tablet=\u00bbinherit\u00bb column_padding_phone=\u00bbinherit\u00bb column_padding_position=\u00bball\u00bb column_element_direction_desktop=\u00bbdefault\u00bb column_element_spacing=\u00bbdefault\u00bb desktop_text_alignment=\u00bbdefault\u00bb tablet_text_alignment=\u00bbdefault\u00bb phone_text_alignment=\u00bbdefault\u00bb background_color=\u00bb#ffffff\u00bb background_color_opacity=\u00bb1&#8243; background_hover_color_opacity=\u00bb1&#8243; column_backdrop_filter=\u00bbnone\u00bb column_shadow=\u00bbnone\u00bb column_border_radius=\u00bbnone\u00bb column_link_target=\u00bb_self\u00bb overflow=\u00bbvisible\u00bb gradient_direction=\u00bbleft_to_right\u00bb overlay_strength=\u00bb0.3&#8243; width=\u00bb1\/3&#8243; tablet_width_inherit=\u00bbdefault\u00bb animation_type=\u00bbdefault\u00bb bg_image_animation=\u00bbnone\u00bb border_type=\u00bbsimple\u00bb column_border_width=\u00bbnone\u00bb column_border_style=\u00bbsolid\u00bb][image_with_animation image_url=\u00bb1625&#8243; image_size=\u00bbfull\u00bb animation_type=\u00bbentrance\u00bb animation=\u00bbFade In\u00bb animation_easing=\u00bbdefault\u00bb animation_movement_type=\u00bbtransform_y\u00bb hover_animation=\u00bbzoom-crop\u00bb alignment=\u00bb\u00bb border_radius=\u00bbnone\u00bb box_shadow=\u00bbnone\u00bb image_loading=\u00bbdefault\u00bb max_width=\u00bb100%\u00bb max_width_mobile=\u00bbdefault\u00bb][vc_custom_heading text=\u00bbSantiago de Compostela, 19 de xullo de 2022&#8243; font_container=\u00bbtag:div|font_size:12px|text_align:left\u00bb use_theme_fonts=\u00bbyes\u00bb][nectar_cta btn_style=\u00bbsee-through\u00bb heading_tag=\u00bbspan\u00bb button_color=\u00bbdefault\u00bb text_color=\u00bb#212121&#8243; button_border_thickness=\u00bb0px\u00bb link_type=\u00bbnew_tab\u00bb alignment=\u00bbleft\u00bb alignment_tablet=\u00bbdefault\u00bb alignment_phone=\u00bbdefault\u00bb display=\u00bbblock\u00bb display_tablet=\u00bbinherit\u00bb display_phone=\u00bbinherit\u00bb text=\u00bbVer noticia\u00bb url=\u00bbhttps:\/\/www.xunta.gal\/notas-de-prensa\/-\/nova\/71112\/valentin-garcia-refiere-orfebreria-como-uno-los-capitulos-fundamentales-expresion?langId=es_ES\u00bb][\/vc_column_inner][vc_column_inner column_padding=\u00bbpadding-2-percent\u00bb column_padding_tablet=\u00bbinherit\u00bb column_padding_phone=\u00bbinherit\u00bb column_padding_position=\u00bball\u00bb column_element_direction_desktop=\u00bbdefault\u00bb column_element_spacing=\u00bbdefault\u00bb desktop_text_alignment=\u00bbdefault\u00bb tablet_text_alignment=\u00bbdefault\u00bb phone_text_alignment=\u00bbdefault\u00bb background_color=\u00bb#ffffff\u00bb background_color_opacity=\u00bb1&#8243; background_hover_color_opacity=\u00bb1&#8243; column_backdrop_filter=\u00bbnone\u00bb column_shadow=\u00bbnone\u00bb column_border_radius=\u00bbnone\u00bb column_link_target=\u00bb_self\u00bb overflow=\u00bbvisible\u00bb gradient_direction=\u00bbleft_to_right\u00bb overlay_strength=\u00bb0.3&#8243; width=\u00bb1\/3&#8243; tablet_width_inherit=\u00bbdefault\u00bb animation_type=\u00bbdefault\u00bb bg_image_animation=\u00bbnone\u00bb border_type=\u00bbsimple\u00bb column_border_width=\u00bbnone\u00bb column_border_style=\u00bbsolid\u00bb][image_with_animation image_url=\u00bb1622&#8243; image_size=\u00bbfull\u00bb animation_type=\u00bbentrance\u00bb animation=\u00bbFade In\u00bb animation_easing=\u00bbdefault\u00bb animation_movement_type=\u00bbtransform_y\u00bb hover_animation=\u00bbzoom-crop\u00bb alignment=\u00bb\u00bb border_radius=\u00bbnone\u00bb box_shadow=\u00bbnone\u00bb image_loading=\u00bbdefault\u00bb max_width=\u00bb100%\u00bb max_width_mobile=\u00bbdefault\u00bb][vc_custom_heading text=\u00bbXoves, 21 de xullo de 2022| DTX Campe\u00f3n\u00bb font_container=\u00bbtag:div|font_size:12px|text_align:left\u00bb use_theme_fonts=\u00bbyes\u00bb][nectar_cta btn_style=\u00bbsee-through\u00bb heading_tag=\u00bbspan\u00bb button_color=\u00bbdefault\u00bb text_color=\u00bb#212121&#8243; button_border_thickness=\u00bb0px\u00bb link_type=\u00bbnew_tab\u00bb alignment=\u00bbleft\u00bb alignment_tablet=\u00bbdefault\u00bb alignment_phone=\u00bbdefault\u00bb display=\u00bbblock\u00bb display_tablet=\u00bbinherit\u00bb display_phone=\u00bbinherit\u00bb text=\u00bbVer noticia\u00bb url=\u00bbhttps:\/\/www.dxtcampeon.com\/articulo\/depor\/esplendor-camino-incluye-trofeos-teresa-herrera-3833256&#8243;][\/vc_column_inner][vc_column_inner column_padding=\u00bbpadding-2-percent\u00bb column_padding_tablet=\u00bbinherit\u00bb column_padding_phone=\u00bbinherit\u00bb column_padding_position=\u00bball\u00bb column_element_direction_desktop=\u00bbdefault\u00bb column_element_spacing=\u00bbdefault\u00bb desktop_text_alignment=\u00bbdefault\u00bb tablet_text_alignment=\u00bbdefault\u00bb phone_text_alignment=\u00bbdefault\u00bb background_color=\u00bb#ffffff\u00bb background_color_opacity=\u00bb1&#8243; background_hover_color_opacity=\u00bb1&#8243; column_backdrop_filter=\u00bbnone\u00bb column_shadow=\u00bbnone\u00bb column_border_radius=\u00bbnone\u00bb column_link_target=\u00bb_self\u00bb overflow=\u00bbvisible\u00bb gradient_direction=\u00bbleft_to_right\u00bb overlay_strength=\u00bb0.3&#8243; width=\u00bb1\/3&#8243; tablet_width_inherit=\u00bbdefault\u00bb animation_type=\u00bbdefault\u00bb bg_image_animation=\u00bbnone\u00bb border_type=\u00bbsimple\u00bb column_border_width=\u00bbnone\u00bb column_border_style=\u00bbsolid\u00bb][image_with_animation image_url=\u00bb1626&#8243; image_size=\u00bbfull\u00bb animation_type=\u00bbentrance\u00bb animation=\u00bbFade In\u00bb animation_easing=\u00bbdefault\u00bb animation_movement_type=\u00bbtransform_y\u00bb hover_animation=\u00bbzoom-crop\u00bb alignment=\u00bb\u00bb border_radius=\u00bbnone\u00bb box_shadow=\u00bbnone\u00bb image_loading=\u00bbdefault\u00bb max_width=\u00bb100%\u00bb max_width_mobile=\u00bbdefault\u00bb][vc_custom_heading text=\u00bb19 de xullo de 2022 | USC Xornal Axenda\u00bb font_container=\u00bbtag:div|font_size:12px|text_align:left\u00bb use_theme_fonts=\u00bbyes\u00bb][nectar_cta btn_style=\u00bbsee-through\u00bb heading_tag=\u00bbspan\u00bb button_color=\u00bbdefault\u00bb text_color=\u00bb#212121&#8243; button_border_thickness=\u00bb0px\u00bb link_type=\u00bbnew_tab\u00bb alignment=\u00bbleft\u00bb alignment_tablet=\u00bbdefault\u00bb alignment_phone=\u00bbdefault\u00bb display=\u00bbblock\u00bb display_tablet=\u00bbinherit\u00bb display_phone=\u00bbinherit\u00bb text=\u00bbVer noticia\u00bb url=\u00bbhttps:\/\/www.usc.gal\/gl\/xornal\/eventos\/esplendor-camino-oito-seculos-prateria-acibeches-compostela\u00bb][\/vc_column_inner][\/vc_row_inner][\/vc_column][\/vc_row]\n","protected":false},"excerpt":{"rendered":"<p>[vc_row type=\u00bbin_container\u00bb full_screen_row_position=\u00bbmiddle\u00bb column_margin=\u00bbdefault\u00bb equal_height=\u00bbyes\u00bb content_placement=\u00bbmiddle\u00bb column_direction=\u00bbdefault\u00bb column_direction_tablet=\u00bbdefault\u00bb column_direction_phone=\u00bbdefault\u00bb bg_color=\u00bb#ffffff\u00bb scene_position=\u00bbcenter\u00bb text_color=\u00bbdark\u00bb text_align=\u00bbleft\u00bb row_border_radius=\u00bbnone\u00bb row_border_radius_applies=\u00bbbg\u00bb overflow=\u00bbvisible\u00bb overlay_strength=\u00bb0.3&#8243; gradient_direction=\u00bbleft_to_right\u00bb shape_divider_position=\u00bbbottom\u00bb bg_image_animation=\u00bbnone\u00bb shape_type=\u00bb\u00bb][vc_column column_padding=\u00bbpadding-5-percent\u00bb column_padding_tablet=\u00bbinherit\u00bb column_padding_phone=\u00bbinherit\u00bb column_padding_position=\u00bball\u00bb column_element_direction_desktop=\u00bbdefault\u00bb column_element_spacing=\u00bbdefault\u00bb desktop_text_alignment=\u00bbdefault\u00bb tablet_text_alignment=\u00bbdefault\u00bb phone_text_alignment=\u00bbdefault\u00bb&#8230;<\/p>\n","protected":false},"author":2,"featured_media":2497,"comment_status":"closed","ping_status":"open","sticky":false,"template":"","format":"standard","meta":{"footnotes":""},"categories":[26],"tags":[],"class_list":{"0":"post-2495","1":"post","2":"type-post","3":"status-publish","4":"format-standard","5":"has-post-thumbnail","7":"category-prensa-es"},"yoast_head":"<!-- This site is optimized with the Yoast SEO plugin v25.2 - https:\/\/yoast.com\/wordpress\/plugins\/seo\/ -->\n<title>A exposici\u00f3n O esplendor do Cami\u00f1o \u00e9 noticia - Ourives de Compostela<\/title>\n<meta name=\"robots\" content=\"index, follow, max-snippet:-1, max-image-preview:large, max-video-preview:-1\" \/>\n<link rel=\"canonical\" href=\"https:\/\/ourivesdecompostela.gal\/es\/a-exposicion-o-esplendor-do-camino-e-noticia\/\" \/>\n<meta property=\"og:locale\" content=\"es_ES\" \/>\n<meta property=\"og:type\" content=\"article\" \/>\n<meta property=\"og:title\" content=\"A exposici\u00f3n O esplendor do Cami\u00f1o \u00e9 noticia - Ourives de Compostela\" \/>\n<meta property=\"og:description\" content=\"[vc_row type=\u00bbin_container\u00bb full_screen_row_position=\u00bbmiddle\u00bb column_margin=\u00bbdefault\u00bb equal_height=\u00bbyes\u00bb content_placement=\u00bbmiddle\u00bb column_direction=\u00bbdefault\u00bb column_direction_tablet=\u00bbdefault\u00bb column_direction_phone=\u00bbdefault\u00bb bg_color=\u00bb#ffffff\u00bb scene_position=\u00bbcenter\u00bb text_color=\u00bbdark\u00bb text_align=\u00bbleft\u00bb row_border_radius=\u00bbnone\u00bb row_border_radius_applies=\u00bbbg\u00bb overflow=\u00bbvisible\u00bb overlay_strength=\u00bb0.3&#8243; gradient_direction=\u00bbleft_to_right\u00bb shape_divider_position=\u00bbbottom\u00bb bg_image_animation=\u00bbnone\u00bb shape_type=\u00bb\u00bb][vc_column column_padding=\u00bbpadding-5-percent\u00bb column_padding_tablet=\u00bbinherit\u00bb column_padding_phone=\u00bbinherit\u00bb column_padding_position=\u00bball\u00bb column_element_direction_desktop=\u00bbdefault\u00bb column_element_spacing=\u00bbdefault\u00bb desktop_text_alignment=\u00bbdefault\u00bb tablet_text_alignment=\u00bbdefault\u00bb phone_text_alignment=\u00bbdefault\u00bb...\" \/>\n<meta property=\"og:url\" content=\"https:\/\/ourivesdecompostela.gal\/es\/a-exposicion-o-esplendor-do-camino-e-noticia\/\" \/>\n<meta property=\"og:site_name\" content=\"Ourives de Compostela\" \/>\n<meta property=\"article:published_time\" content=\"2022-07-25T22:45:43+00:00\" \/>\n<meta property=\"article:modified_time\" content=\"2023-11-15T10:22:43+00:00\" \/>\n<meta property=\"og:image\" content=\"https:\/\/ourivesdecompostela.gal\/wp-content\/uploads\/2023\/10\/ourives-asociacion-orfebres-comerciantes-10.jpg\" \/>\n\t<meta property=\"og:image:width\" content=\"1300\" \/>\n\t<meta property=\"og:image:height\" content=\"975\" \/>\n\t<meta property=\"og:image:type\" content=\"image\/jpeg\" \/>\n<meta name=\"author\" content=\"Mochi Maceira\" \/>\n<meta name=\"twitter:card\" content=\"summary_large_image\" \/>\n<meta name=\"twitter:label1\" content=\"Escrito por\" \/>\n\t<meta name=\"twitter:data1\" content=\"Mochi Maceira\" \/>\n\t<meta name=\"twitter:label2\" content=\"Tiempo de lectura\" \/>\n\t<meta name=\"twitter:data2\" content=\"16 minutos\" \/>\n<script type=\"application\/ld+json\" class=\"yoast-schema-graph\">{\"@context\":\"https:\/\/schema.org\",\"@graph\":[{\"@type\":\"WebPage\",\"@id\":\"https:\/\/ourivesdecompostela.gal\/es\/a-exposicion-o-esplendor-do-camino-e-noticia\/\",\"url\":\"https:\/\/ourivesdecompostela.gal\/es\/a-exposicion-o-esplendor-do-camino-e-noticia\/\",\"name\":\"A exposici\u00f3n O esplendor do Cami\u00f1o \u00e9 noticia - Ourives de Compostela\",\"isPartOf\":{\"@id\":\"https:\/\/ourivesdecompostela.gal\/es\/#website\"},\"primaryImageOfPage\":{\"@id\":\"https:\/\/ourivesdecompostela.gal\/es\/a-exposicion-o-esplendor-do-camino-e-noticia\/#primaryimage\"},\"image\":{\"@id\":\"https:\/\/ourivesdecompostela.gal\/es\/a-exposicion-o-esplendor-do-camino-e-noticia\/#primaryimage\"},\"thumbnailUrl\":\"https:\/\/ourivesdecompostela.gal\/wp-content\/uploads\/2023\/10\/ourives-asociacion-orfebres-comerciantes-10.jpg\",\"datePublished\":\"2022-07-25T22:45:43+00:00\",\"dateModified\":\"2023-11-15T10:22:43+00:00\",\"author\":{\"@id\":\"https:\/\/ourivesdecompostela.gal\/es\/#\/schema\/person\/c67a7da9e3a4a11a3d4b1aee378ee82d\"},\"breadcrumb\":{\"@id\":\"https:\/\/ourivesdecompostela.gal\/es\/a-exposicion-o-esplendor-do-camino-e-noticia\/#breadcrumb\"},\"inLanguage\":\"es\",\"potentialAction\":[{\"@type\":\"ReadAction\",\"target\":[\"https:\/\/ourivesdecompostela.gal\/es\/a-exposicion-o-esplendor-do-camino-e-noticia\/\"]}]},{\"@type\":\"ImageObject\",\"inLanguage\":\"es\",\"@id\":\"https:\/\/ourivesdecompostela.gal\/es\/a-exposicion-o-esplendor-do-camino-e-noticia\/#primaryimage\",\"url\":\"https:\/\/ourivesdecompostela.gal\/wp-content\/uploads\/2023\/10\/ourives-asociacion-orfebres-comerciantes-10.jpg\",\"contentUrl\":\"https:\/\/ourivesdecompostela.gal\/wp-content\/uploads\/2023\/10\/ourives-asociacion-orfebres-comerciantes-10.jpg\",\"width\":1300,\"height\":975},{\"@type\":\"BreadcrumbList\",\"@id\":\"https:\/\/ourivesdecompostela.gal\/es\/a-exposicion-o-esplendor-do-camino-e-noticia\/#breadcrumb\",\"itemListElement\":[{\"@type\":\"ListItem\",\"position\":1,\"name\":\"Portada\",\"item\":\"https:\/\/ourivesdecompostela.gal\/es\/\"},{\"@type\":\"ListItem\",\"position\":2,\"name\":\"A exposici\u00f3n O esplendor do Cami\u00f1o \u00e9 noticia\"}]},{\"@type\":\"WebSite\",\"@id\":\"https:\/\/ourivesdecompostela.gal\/es\/#website\",\"url\":\"https:\/\/ourivesdecompostela.gal\/es\/\",\"name\":\"Ourives de Compostela\",\"description\":\"Aut\u00e9ntica Ouriver\u00eda Ancestral de Santiago\",\"potentialAction\":[{\"@type\":\"SearchAction\",\"target\":{\"@type\":\"EntryPoint\",\"urlTemplate\":\"https:\/\/ourivesdecompostela.gal\/es\/?s={search_term_string}\"},\"query-input\":{\"@type\":\"PropertyValueSpecification\",\"valueRequired\":true,\"valueName\":\"search_term_string\"}}],\"inLanguage\":\"es\"},{\"@type\":\"Person\",\"@id\":\"https:\/\/ourivesdecompostela.gal\/es\/#\/schema\/person\/c67a7da9e3a4a11a3d4b1aee378ee82d\",\"name\":\"Mochi Maceira\",\"image\":{\"@type\":\"ImageObject\",\"inLanguage\":\"es\",\"@id\":\"https:\/\/ourivesdecompostela.gal\/es\/#\/schema\/person\/image\/\",\"url\":\"https:\/\/secure.gravatar.com\/avatar\/c60d5cbac116fe4952bdf0524b1797960c19ae3358e010b61084f20b28af63fc?s=96&d=mm&r=g\",\"contentUrl\":\"https:\/\/secure.gravatar.com\/avatar\/c60d5cbac116fe4952bdf0524b1797960c19ae3358e010b61084f20b28af63fc?s=96&d=mm&r=g\",\"caption\":\"Mochi Maceira\"},\"url\":\"https:\/\/ourivesdecompostela.gal\/es\/author\/mantenimiento\/\"}]}<\/script>\n<!-- \/ Yoast SEO plugin. -->","yoast_head_json":{"title":"A exposici\u00f3n O esplendor do Cami\u00f1o \u00e9 noticia - Ourives de Compostela","robots":{"index":"index","follow":"follow","max-snippet":"max-snippet:-1","max-image-preview":"max-image-preview:large","max-video-preview":"max-video-preview:-1"},"canonical":"https:\/\/ourivesdecompostela.gal\/es\/a-exposicion-o-esplendor-do-camino-e-noticia\/","og_locale":"es_ES","og_type":"article","og_title":"A exposici\u00f3n O esplendor do Cami\u00f1o \u00e9 noticia - Ourives de Compostela","og_description":"[vc_row type=\u00bbin_container\u00bb full_screen_row_position=\u00bbmiddle\u00bb column_margin=\u00bbdefault\u00bb equal_height=\u00bbyes\u00bb content_placement=\u00bbmiddle\u00bb column_direction=\u00bbdefault\u00bb column_direction_tablet=\u00bbdefault\u00bb column_direction_phone=\u00bbdefault\u00bb bg_color=\u00bb#ffffff\u00bb scene_position=\u00bbcenter\u00bb text_color=\u00bbdark\u00bb text_align=\u00bbleft\u00bb row_border_radius=\u00bbnone\u00bb row_border_radius_applies=\u00bbbg\u00bb overflow=\u00bbvisible\u00bb overlay_strength=\u00bb0.3&#8243; gradient_direction=\u00bbleft_to_right\u00bb shape_divider_position=\u00bbbottom\u00bb bg_image_animation=\u00bbnone\u00bb shape_type=\u00bb\u00bb][vc_column column_padding=\u00bbpadding-5-percent\u00bb column_padding_tablet=\u00bbinherit\u00bb column_padding_phone=\u00bbinherit\u00bb column_padding_position=\u00bball\u00bb column_element_direction_desktop=\u00bbdefault\u00bb column_element_spacing=\u00bbdefault\u00bb desktop_text_alignment=\u00bbdefault\u00bb tablet_text_alignment=\u00bbdefault\u00bb phone_text_alignment=\u00bbdefault\u00bb...","og_url":"https:\/\/ourivesdecompostela.gal\/es\/a-exposicion-o-esplendor-do-camino-e-noticia\/","og_site_name":"Ourives de Compostela","article_published_time":"2022-07-25T22:45:43+00:00","article_modified_time":"2023-11-15T10:22:43+00:00","og_image":[{"width":1300,"height":975,"url":"https:\/\/ourivesdecompostela.gal\/wp-content\/uploads\/2023\/10\/ourives-asociacion-orfebres-comerciantes-10.jpg","type":"image\/jpeg"}],"author":"Mochi Maceira","twitter_card":"summary_large_image","twitter_misc":{"Escrito por":"Mochi Maceira","Tiempo de lectura":"16 minutos"},"schema":{"@context":"https:\/\/schema.org","@graph":[{"@type":"WebPage","@id":"https:\/\/ourivesdecompostela.gal\/es\/a-exposicion-o-esplendor-do-camino-e-noticia\/","url":"https:\/\/ourivesdecompostela.gal\/es\/a-exposicion-o-esplendor-do-camino-e-noticia\/","name":"A exposici\u00f3n O esplendor do Cami\u00f1o \u00e9 noticia - Ourives de Compostela","isPartOf":{"@id":"https:\/\/ourivesdecompostela.gal\/es\/#website"},"primaryImageOfPage":{"@id":"https:\/\/ourivesdecompostela.gal\/es\/a-exposicion-o-esplendor-do-camino-e-noticia\/#primaryimage"},"image":{"@id":"https:\/\/ourivesdecompostela.gal\/es\/a-exposicion-o-esplendor-do-camino-e-noticia\/#primaryimage"},"thumbnailUrl":"https:\/\/ourivesdecompostela.gal\/wp-content\/uploads\/2023\/10\/ourives-asociacion-orfebres-comerciantes-10.jpg","datePublished":"2022-07-25T22:45:43+00:00","dateModified":"2023-11-15T10:22:43+00:00","author":{"@id":"https:\/\/ourivesdecompostela.gal\/es\/#\/schema\/person\/c67a7da9e3a4a11a3d4b1aee378ee82d"},"breadcrumb":{"@id":"https:\/\/ourivesdecompostela.gal\/es\/a-exposicion-o-esplendor-do-camino-e-noticia\/#breadcrumb"},"inLanguage":"es","potentialAction":[{"@type":"ReadAction","target":["https:\/\/ourivesdecompostela.gal\/es\/a-exposicion-o-esplendor-do-camino-e-noticia\/"]}]},{"@type":"ImageObject","inLanguage":"es","@id":"https:\/\/ourivesdecompostela.gal\/es\/a-exposicion-o-esplendor-do-camino-e-noticia\/#primaryimage","url":"https:\/\/ourivesdecompostela.gal\/wp-content\/uploads\/2023\/10\/ourives-asociacion-orfebres-comerciantes-10.jpg","contentUrl":"https:\/\/ourivesdecompostela.gal\/wp-content\/uploads\/2023\/10\/ourives-asociacion-orfebres-comerciantes-10.jpg","width":1300,"height":975},{"@type":"BreadcrumbList","@id":"https:\/\/ourivesdecompostela.gal\/es\/a-exposicion-o-esplendor-do-camino-e-noticia\/#breadcrumb","itemListElement":[{"@type":"ListItem","position":1,"name":"Portada","item":"https:\/\/ourivesdecompostela.gal\/es\/"},{"@type":"ListItem","position":2,"name":"A exposici\u00f3n O esplendor do Cami\u00f1o \u00e9 noticia"}]},{"@type":"WebSite","@id":"https:\/\/ourivesdecompostela.gal\/es\/#website","url":"https:\/\/ourivesdecompostela.gal\/es\/","name":"Ourives de Compostela","description":"Aut\u00e9ntica Ouriver\u00eda Ancestral de Santiago","potentialAction":[{"@type":"SearchAction","target":{"@type":"EntryPoint","urlTemplate":"https:\/\/ourivesdecompostela.gal\/es\/?s={search_term_string}"},"query-input":{"@type":"PropertyValueSpecification","valueRequired":true,"valueName":"search_term_string"}}],"inLanguage":"es"},{"@type":"Person","@id":"https:\/\/ourivesdecompostela.gal\/es\/#\/schema\/person\/c67a7da9e3a4a11a3d4b1aee378ee82d","name":"Mochi Maceira","image":{"@type":"ImageObject","inLanguage":"es","@id":"https:\/\/ourivesdecompostela.gal\/es\/#\/schema\/person\/image\/","url":"https:\/\/secure.gravatar.com\/avatar\/c60d5cbac116fe4952bdf0524b1797960c19ae3358e010b61084f20b28af63fc?s=96&d=mm&r=g","contentUrl":"https:\/\/secure.gravatar.com\/avatar\/c60d5cbac116fe4952bdf0524b1797960c19ae3358e010b61084f20b28af63fc?s=96&d=mm&r=g","caption":"Mochi Maceira"},"url":"https:\/\/ourivesdecompostela.gal\/es\/author\/mantenimiento\/"}]}},"_links":{"self":[{"href":"https:\/\/ourivesdecompostela.gal\/es\/wp-json\/wp\/v2\/posts\/2495","targetHints":{"allow":["GET"]}}],"collection":[{"href":"https:\/\/ourivesdecompostela.gal\/es\/wp-json\/wp\/v2\/posts"}],"about":[{"href":"https:\/\/ourivesdecompostela.gal\/es\/wp-json\/wp\/v2\/types\/post"}],"author":[{"embeddable":true,"href":"https:\/\/ourivesdecompostela.gal\/es\/wp-json\/wp\/v2\/users\/2"}],"replies":[{"embeddable":true,"href":"https:\/\/ourivesdecompostela.gal\/es\/wp-json\/wp\/v2\/comments?post=2495"}],"version-history":[{"count":1,"href":"https:\/\/ourivesdecompostela.gal\/es\/wp-json\/wp\/v2\/posts\/2495\/revisions"}],"predecessor-version":[{"id":2499,"href":"https:\/\/ourivesdecompostela.gal\/es\/wp-json\/wp\/v2\/posts\/2495\/revisions\/2499"}],"wp:featuredmedia":[{"embeddable":true,"href":"https:\/\/ourivesdecompostela.gal\/es\/wp-json\/wp\/v2\/media\/2497"}],"wp:attachment":[{"href":"https:\/\/ourivesdecompostela.gal\/es\/wp-json\/wp\/v2\/media?parent=2495"}],"wp:term":[{"taxonomy":"category","embeddable":true,"href":"https:\/\/ourivesdecompostela.gal\/es\/wp-json\/wp\/v2\/categories?post=2495"},{"taxonomy":"post_tag","embeddable":true,"href":"https:\/\/ourivesdecompostela.gal\/es\/wp-json\/wp\/v2\/tags?post=2495"}],"curies":[{"name":"wp","href":"https:\/\/api.w.org\/{rel}","templated":true}]}}